{"id":613062,"date":"2025-11-30T10:17:14","date_gmt":"2025-11-30T10:17:14","guid":{"rendered":"https:\/\/www.europesays.com\/de\/613062\/"},"modified":"2025-11-30T10:17:14","modified_gmt":"2025-11-30T10:17:14","slug":"kult-popstar-der-90er-jahre-verliert-bei-sturz-17-zaehne-lag-in-blutlache","status":"publish","type":"post","link":"https:\/\/www.europesays.com\/de\/613062\/","title":{"rendered":"Kult-Popstar der 90er-Jahre verliert bei Sturz 17 Z\u00e4hne: \u201eLag in Blutlache\u201c"},"content":{"rendered":"<ol class=\"id-DonaldBreadcrumb lp_west_breadcrumb id-DonaldBreadcrumb--default\" data-k5a-pos=\"west_breadcrumb\">\n<li class=\"id-Breadcrumb-item\"><a href=\"https:\/\/www.hna.de\/\" class=\"id-Breadcrumb-link\" data-id-ec=\"{\" shn=\"\" textlink=\"\" data-k5a-pos=\"1_startseite\" rel=\"nofollow noopener\" target=\"_blank\">Startseite<\/a><\/li>\n<li class=\"id-Breadcrumb-item\"><a href=\"https:\/\/www.hna.de\/leute\/\" class=\"id-Breadcrumb-link\" data-id-ec=\"{\" shn=\"\" textlink=\"\" tv=\"\" data-k5a-pos=\"2_starsTv\" rel=\"nofollow noopener\" target=\"_blank\">Stars &amp; TV<\/a><\/li>\n<\/ol>\n<p class=\"id-Story-timestamp id-Story-timestamp--default\">Stand: 30.11.2025, 09:50 Uhr<\/p>\n<p class=\"id-Story-authors id-Story-authors--default\">Von: <a class=\"id-Story-authors-link lp_west_author\" href=\"https:\/\/www.hna.de\/autor\/susanne-kroeber-fidmpjrl6.html\" title=\"Zur Autorenseite von Susanne Kr&#xF6;ber\" data-id-ec=\"{\" shn=\"\" author-link=\"\" kr=\"\" data-k5a-pos=\"west_author\" rel=\"nofollow noopener\" target=\"_blank\">Susanne Kr\u00f6ber<\/a><\/p>\n<p class=\"id-Story-interactionBar id-Story-interactionBar--default\">DruckenTeilen<\/p>\n<p class=\"id-StoryElement-leadText\">Savage-Garden-S\u00e4nger Darren Hayes spricht erstmals \u00fcber seinen dramatischen Unfall. Was in seinem Badezimmer geschah, h\u00e4tte t\u00f6dlich enden k\u00f6nnen.<\/p>\n<p class=\"id-StoryElement-paragraph\">Brisbane \u2013 Mit Savage Garden landete Darren Hayes (53) an der Seite von Daniel Jones (52) in den 90er-Jahren Welthits wie \u201eTruly Madly Deeply\u201c und \u201eTo the Moon and Back\u201c \u2013 das australische Pop-Duo verkaufte \u00fcber 23 Millionen Alben. Doch aktuell durchlebt der Musiker eine schwere Zeit. Wie der australische Nachrichtensender 7News berichtete, brach sich der S\u00e4nger im Fr\u00fchjahr den Kiefer. Jetzt \u00e4u\u00dfert sich Hayes gegen\u00fcber dem US-amerikanischen People-Magazin erstmals detailliert zu dem Vorfall, der ihn beinahe das Leben gekostet h\u00e4tte.<\/p>\n<p class=\"id-StoryElement-paragraph\">Was an jenem M\u00e4rzmorgen geschah, klingt wie ein Albtraum: Darren Hayes verliert beim Aufstehen dreimal innerhalb von nur sieben Minuten das Bewusstsein. Als er wieder zu sich kommt, findet er sich in einem Horrorszenario wieder. \u201eIch hatte furchtbare Schmerzen. Mir war gar nicht bewusst, dass ich mir den Kiefer gebrochen hatte. Ich hatte mir 17 Z\u00e4hne ausgeschlagen\u201c, so der S\u00e4nger gegen\u00fcber dem People-Magazin.<\/p>\n<p>Savage-Garden-S\u00e4nger nach Horror-Unfall: \u201eWar definitiv ein Weckruf f\u00fcr mich in Bezug auf die Sterblichkeit\u201c<\/p>\n<p class=\"id-StoryElement-paragraph\">Sein Partner Heriberto, ein Notfallpfleger, findet Hayes schlie\u00dflich im Badezimmer. \u201eAls er mich fand, lag ich in einer Blutlache. Das Badezimmer sah aus wie ein Tatort\u201c, erinnert sich der Savage-Garden-Frontmann im Gespr\u00e4ch mit People. Die \u00c4rzte im Providence Saint John\u2018s Health Center in Santa Monica handeln sofort: Sie operieren den Kiefer und fixieren ihn mit einer Titanplatte. Drei Monate lang bleibt Hayes\u2018 Mund verdrahtet, er kann nur fl\u00fcssige Nahrung zu sich nehmen. Die Ursache f\u00fcr die Ohnmachtsanf\u00e4lle bleibt trotz neurologischer und kardiologischer Untersuchungen ein R\u00e4tsel. \u201eMein Herz war in Ordnung. Alle meine Arterien waren in Ordnung\u201c, erkl\u00e4rt Hayes. Die Mediziner vermuten Stress als Ausl\u00f6ser.<\/p>\n<p class=\"id-StoryElement-paragraph\">Tats\u00e4chlich hatte der australische S\u00e4nger eine beispiellose Serie von Schicksalsschl\u00e4gen zu verkraften: 2024 reichte Hayes die Scheidung von seinem Ehemann Richard Cullen ein, mit dem er 17 Jahre verheiratet war. Im Januar 2025 stirbt seine geliebte Mutter Judy an COPD, eine chronische Lungenkrankheit. In derselben Woche erf\u00e4hrt der Savage-Garden-Musiker vom Tod seines entfremdeten Vaters Robert. \u201eIch habe die Trauer \u00fcber das Ende meiner Ehe nicht verarbeitet. Ich habe die Trauer \u00fcber den Tod meiner Mutter nicht verarbeitet\u201c, gesteht Hayes im People-Interview.<\/p>\n<p>So sehen einstige deutsche Topstars heute aus: Von Ramona Lei\u00df \u00fcber Sabrina Setlur bis Gundis Zambo<img decoding=\"async\" class=\"id-RatioPlaceholder-element wv_story_el_interstitialImage\" src=\"https:\/\/www.europesays.com\/de\/wp-content\/uploads\/2025\/07\/36276660-ramona-leiss-sabrina-setlur-gundis-zambo-0fe.jpg\" loading=\"lazy\"   height=\"1350\" width=\"2400\" alt=\"Ramona Lei&#xDF;, Sabrina Setlur, Gundis Zambo\"\/><a href=\"https:\/\/www.hna.de\/leute\/stars-damals-frueher-heute-ulrich-meyer-gundis-zambo-barbara-eligmann-zr-93423148.html\" class=\"id-StoryElement-intestitialLink-link\" data-id-ec=\"{\" shn=\"\" ansehen=\"\" data-k5a-pos=\"west_story_16_photoGalleryLink\" title=\"Zur Fotostrecke: So sehen einstige deutsche Topstars heute aus: Von Ramona Lei&#xDF; &#xFC;ber Sabrina Setlur bis Gundis Zambo\" rel=\"nofollow noopener\" target=\"_blank\">Fotostrecke ansehen<\/a><\/p>\n<p class=\"id-StoryElement-paragraph\">\u201eEs war wie einer dieser Albtr\u00e4ume, in denen man Z\u00e4hne verliert\u201c, beschreibt der Savage-Garden-S\u00e4nger den surrealen Moment nach dem Sturz. \u201eIch spuckte Z\u00e4hne aus, wollte immer noch nicht wahrhaben, was mit mir passiert war, und dachte: \u201aOh, mein Freund kommt in zehn Minuten vom Fitnessstudio nach Hause. Ich sehe schrecklich aus. Ich muss aufr\u00e4umen.\u2018\u201c Heute, Monate nach dem Vorfall, blickt Hayes mit neuer Perspektive auf sein Leben: \u201eEs war definitiv ein Weckruf f\u00fcr mich in Bezug auf die Sterblichkeit und all die kleinen Dinge, f\u00fcr die ich im Leben dankbar sein muss.\u201c Einen gef\u00e4hrlichen Zwischenfall gab es jetzt auch <a href=\"https:\/\/www.merkur.de\/boulevard\/konzert-minutenlang-unterbrochen-kult-saenger-stuerzt-bei-comeback-kopfueber-von-der-buehne-94037356.html\" class=\"id-import-Link id-pageApi-Link--externalDomain\" data-id-ec=\"{&quot;sht&quot;:&quot;Container&quot;,&quot;shn&quot;:&quot;Story&quot;,&quot;p&quot;:{&quot;containerType&quot;:&quot;Paragraph&quot;,&quot;displayType&quot;:&quot;Paragraph InlineLink&quot;,&quot;type&quot;:&quot;INLINE_LINK&quot;,&quot;value&quot;:&quot;beim Comeback eines Kult-S&#xE4;ngers, der kopf&#xFC;ber von der B&#xFC;hne st&#xFC;rzte&quot;,&quot;variant&quot;:&quot;standardLink&quot;,&quot;sponsored&quot;:false,&quot;linkHref&quot;:&quot;https:\/\/www.merkur.de\/boulevard\/konzert-minutenlang-unterbrochen-kult-saenger-stuerzt-bei-comeback-kopfueber-von-der-buehne-94037356.html&quot;,&quot;storyElementPosition&quot;:18,&quot;storyElementCount&quot;:18}}\" rel=\"nofollow noopener\" target=\"_blank\">beim Comeback eines Kult-S\u00e4ngers, der kopf\u00fcber von der B\u00fchne st\u00fcrzte<\/a>. <strong>Verwendete Quellen:<\/strong> 7news.com.au, people.com<\/p>\n","protected":false},"excerpt":{"rendered":"Startseite Stars &amp; TV Stand: 30.11.2025, 09:50 Uhr Von: Susanne Kr\u00f6ber DruckenTeilen Savage-Garden-S\u00e4nger Darren Hayes spricht erstmals \u00fcber&hellip;\n","protected":false},"author":2,"featured_media":613063,"comment_status":"","ping_status":"","sticky":false,"template":"","format":"standard","meta":{"footnotes":""},"categories":[1776],"tags":[1801,29,214,30,1802,215],"class_list":{"0":"post-613062","1":"post","2":"type-post","3":"status-publish","4":"format-standard","5":"has-post-thumbnail","7":"category-prominente","8":"tag-celebrities","9":"tag-deutschland","10":"tag-entertainment","11":"tag-germany","12":"tag-prominente","13":"tag-unterhaltung"},"share_on_mastodon":{"url":"https:\/\/pubeurope.com\/@de\/115638137995157037","error":""},"_links":{"self":[{"href":"https:\/\/www.europesays.com\/de\/wp-json\/wp\/v2\/posts\/613062","targetHints":{"allow":["GET"]}}],"collection":[{"href":"https:\/\/www.europesays.com\/de\/wp-json\/wp\/v2\/posts"}],"about":[{"href":"https:\/\/www.europesays.com\/de\/wp-json\/wp\/v2\/types\/post"}],"author":[{"embeddable":true,"href":"https:\/\/www.europesays.com\/de\/wp-json\/wp\/v2\/users\/2"}],"replies":[{"embeddable":true,"href":"https:\/\/www.europesays.com\/de\/wp-json\/wp\/v2\/comments?post=613062"}],"version-history":[{"count":0,"href":"https:\/\/www.europesays.com\/de\/wp-json\/wp\/v2\/posts\/613062\/revisions"}],"wp:featuredmedia":[{"embeddable":true,"href":"https:\/\/www.europesays.com\/de\/wp-json\/wp\/v2\/media\/613063"}],"wp:attachment":[{"href":"https:\/\/www.europesays.com\/de\/wp-json\/wp\/v2\/media?parent=613062"}],"wp:term":[{"taxonomy":"category","embeddable":true,"href":"https:\/\/www.europesays.com\/de\/wp-json\/wp\/v2\/categories?post=613062"},{"taxonomy":"post_tag","embeddable":true,"href":"https:\/\/www.europesays.com\/de\/wp-json\/wp\/v2\/tags?post=613062"}],"curies":[{"name":"wp","href":"https:\/\/api.w.org\/{rel}","templated":true}]}}