{"id":613082,"date":"2025-11-30T10:31:23","date_gmt":"2025-11-30T10:31:23","guid":{"rendered":"https:\/\/www.europesays.com\/de\/613082\/"},"modified":"2025-11-30T10:31:23","modified_gmt":"2025-11-30T10:31:23","slug":"wetter-kein-gluehwein-wetter-zum-ersten-advent-news","status":"publish","type":"post","link":"https:\/\/www.europesays.com\/de\/613082\/","title":{"rendered":"Wetter: Kein Gl\u00fchwein-Wetter zum Ersten Advent | News"},"content":{"rendered":"<p><b>Advent, Advent, ein Lichtlein brennt. Doch der Schnee kommt vorerst nicht zur\u00fcck.<\/b><\/p>\n<p>Milde Meeresluft schiebt sich wie die vergangenen Tage in weite Teile Deutschlands, so der Deutsche Wetterdienst (DWD). Nur ganz im S\u00fcdosten h\u00e4lt sich noch k\u00e4ltere Luft, die am fr\u00fchen Morgen f\u00fcr leichten <a href=\"https:\/\/www.bild.de\/leben-wissen\/der-winter-ist-da-so-kommen-sie-gut-durch-den-frost-69218052f00c2e789b7a02dd\" class=\"text-link\" rel=\"nofollow noopener\" target=\"_blank\">Frost<\/a> sorgt. Dort bleibt es sp\u00fcrbar frischer als im Rest des Landes.<\/p>\n<p>Ein Bummel zum 1. Advent \u00fcber den <a href=\"https:\/\/www.bild.de\/themen\/ereignisse\/weihnachtsmarkt\/politik-nachrichten-news-fotos-videos-21225368.bild.html\" class=\"text-link\" rel=\"nofollow noopener\" target=\"_blank\">Weihnachtsmarkt<\/a> f\u00e4llt vielerorts ins Wasser: \u00dcber die Mitte Deutschlands l\u00e4uft ein Regenband, n\u00f6rdlich des Mains liegen die Temperaturen deutlich im Plus-Bereich. Die H\u00f6chsttemperatur wird heute wahrscheinlich Hannover mit 10 Grad erreichen. Also: eher kein <a href=\"https:\/\/www.bild.de\/regional\/sachsen\/gluehwein-2-euro-das-ist-deutschlands-guenstigster-weihnachtsmarkt-69298a436f6da91d77966c3c\" class=\"text-link\" rel=\"nofollow noopener\" target=\"_blank\">Gl\u00fchwein<\/a>-Wetter.<\/p>\n<p><img decoding=\"async\" width=\"992\" height=\"975\" alt=\"Auf der Wetterkarte des DWD zu erkennen: Regen von West nach Ost, im S\u00fcden Nebel und Frost\" src=\"https:\/\/www.europesays.com\/de\/wp-content\/uploads\/2025\/11\/dbf8993f596433a7adcd3c420f4401e0,55b8dfaf\"   class=\"dynamic\" loading=\"lazy\"\/><\/p>\n<p class=\"fig__caption__text\">Auf der Wetterkarte des DWD zu erkennen: Regen von West nach Ost, im S\u00fcden Nebel und Frost<\/p>\n<p>Foto: DWD<\/p>\n<p>Sturm \u00fcber der K\u00fcste<\/p>\n<p>An der Deutschen Bucht und auf den Nordfriesischen Inseln pfeifen heute Sturmb\u00f6en aus S\u00fcdwest \u00fcber die K\u00fcsten. Auch im Westen und Norden von Schleswig-Holstein erreicht der Wind st\u00fcrmische B\u00f6en aus S\u00fcdwest. Im Tagesverlauf erwischt es dann auch die westliche Ostsee, auf dem Brocken lassen die kr\u00e4ftigen B\u00f6en nach.<\/p>\n<p>In der Nacht zum Montag beruhigt sich die Lage an den K\u00fcsten. Anfangs gibt es noch steife bis vereinzelt st\u00fcrmische B\u00f6en, der Wind dreht dabei von West wieder auf S\u00fcdwest.<\/p>\n<p>Weihnachtsm\u00e4rkte er\u00f6ffnet: So sch\u00f6n funkelt die Adventszeit<a class=\"anchor video-teaser__anchor\" href=\"https:\/\/www.bild.de\/news\/weihnachtsmaerkte-eroeffnet-so-schoen-funkelt-die-adventszeit-692b23ed083002b549fa7399\" rel=\"nofollow noopener\" target=\"_blank\"><img decoding=\"async\" width=\"992\" height=\"558\" alt=\"\" src=\"https:\/\/www.europesays.com\/de\/wp-content\/uploads\/2025\/11\/bf320d7c2f5c7b7c3924975622d6fc6c,255d337d\"   class=\"landscape teaser__image\" loading=\"lazy\"\/><\/a><\/p>\n<p>Quelle: AP29.11.2025<\/p>\n<p>Mehr zum ThemaGl\u00e4tte im S\u00fcdosten<\/p>\n<p>Sonntagfr\u00fch kann es im S\u00fcdosten lokal glatt werden, dort gefriert die N\u00e4sse. In der Nacht zum Montag ist im S\u00fcdosten stellenweise sogar <a href=\"https:\/\/www.bild.de\/leben-wissen\/wissenschaft\/glatteis-im-winter-wie-die-rutschigen-strassen-entstehen-675afd5f9bc4f841b20d2e5d\" class=\"text-link\" rel=\"nofollow noopener\" target=\"_blank\">Glatteis<\/a> durch gefrierenden Regen nicht ausgeschlossen.<\/p>\n<p>Sonntagfr\u00fch sinken die Temperaturen im \u00f6stlichen Mittelgebirgsraum sowie s\u00fcdlich der Donau auf bis zu minus 4 Grad, an den Alpen lokal sogar auf etwa minus 7 Grad. In der Nacht zum Montag gibt es besonders im Bergland leichten Frost bis minus 2 Grad.<\/p>\n<p>Nebel h\u00e4lt sich hartn\u00e4ckig<\/p>\n<p>Bis in den Vormittag hinein liegt \u00fcber der Mitte und dem S\u00fcden verbreitet <a href=\"https:\/\/www.bild.de\/news\/inland\/phaenomen-darum-koennen-wetter-apps-keinen-nebel-anzeigen-690093f459e2e0975070dec7\" class=\"text-link\" rel=\"nofollow noopener\" target=\"_blank\">Nebel<\/a>, stellenweise sogar dichter Nebel mit weniger als 150 Metern Sicht.<\/p>\n<p><b>Auch in der Nacht zum Montag bleibt die Nebelneigung in der S\u00fcdh\u00e4lfte Deutschlands bestehen.<\/b><\/p>\n","protected":false},"excerpt":{"rendered":"Advent, Advent, ein Lichtlein brennt. Doch der Schnee kommt vorerst nicht zur\u00fcck. Milde Meeresluft schiebt sich wie die&hellip;\n","protected":false},"author":2,"featured_media":613083,"comment_status":"","ping_status":"","sticky":false,"template":"","format":"standard","meta":{"footnotes":"","_share_on_mastodon":"0"},"categories":[2],"tags":[29,30,140601,121981,13,14,76247,15,10328,12,9608,138370,45,10,8,9,11,8497,1973],"class_list":["post-613082","post","type-post","status-publish","format-standard","has-post-thumbnail","category-deutschland","tag-deutschland","tag-germany","tag-glatteis","tag-gluehwein","tag-headlines","tag-nachrichten","tag-nebel","tag-news","tag-regen","tag-schlagzeilen","tag-sturm","tag-team-first","tag-texttospeech","tag-top-news","tag-top-meldungen","tag-topmeldungen","tag-topnews","tag-weihnachtsmarkt","tag-wetter"],"share_on_mastodon":{"url":"https:\/\/pubeurope.com\/@de\/115638192606830569","error":""},"_links":{"self":[{"href":"https:\/\/www.europesays.com\/de\/wp-json\/wp\/v2\/posts\/613082","targetHints":{"allow":["GET"]}}],"collection":[{"href":"https:\/\/www.europesays.com\/de\/wp-json\/wp\/v2\/posts"}],"about":[{"href":"https:\/\/www.europesays.com\/de\/wp-json\/wp\/v2\/types\/post"}],"author":[{"embeddable":true,"href":"https:\/\/www.europesays.com\/de\/wp-json\/wp\/v2\/users\/2"}],"replies":[{"embeddable":true,"href":"https:\/\/www.europesays.com\/de\/wp-json\/wp\/v2\/comments?post=613082"}],"version-history":[{"count":0,"href":"https:\/\/www.europesays.com\/de\/wp-json\/wp\/v2\/posts\/613082\/revisions"}],"wp:featuredmedia":[{"embeddable":true,"href":"https:\/\/www.europesays.com\/de\/wp-json\/wp\/v2\/media\/613083"}],"wp:attachment":[{"href":"https:\/\/www.europesays.com\/de\/wp-json\/wp\/v2\/media?parent=613082"}],"wp:term":[{"taxonomy":"category","embeddable":true,"href":"https:\/\/www.europesays.com\/de\/wp-json\/wp\/v2\/categories?post=613082"},{"taxonomy":"post_tag","embeddable":true,"href":"https:\/\/www.europesays.com\/de\/wp-json\/wp\/v2\/tags?post=613082"}],"curies":[{"name":"wp","href":"https:\/\/api.w.org\/{rel}","templated":true}]}}