{"id":613211,"date":"2025-11-30T11:50:18","date_gmt":"2025-11-30T11:50:18","guid":{"rendered":"https:\/\/www.europesays.com\/de\/613211\/"},"modified":"2025-11-30T11:50:18","modified_gmt":"2025-11-30T11:50:18","slug":"daniel-boschmann-bleibt-weiter-exklusiv-bei-sat-1","status":"publish","type":"post","link":"https:\/\/www.europesays.com\/de\/613211\/","title":{"rendered":"Daniel Boschmann bleibt weiter exklusiv bei Sat.1"},"content":{"rendered":"<p>Schon seit 2016 geh\u00f6rt Daniel Boschmann zum Fr\u00fchaufsteher-Team von Sat.1 und pr\u00e4sentiert das &#8222;Sat.1 Fr\u00fchst\u00fccksfernsehen&#8220;, das bis heute einer der gr\u00f6\u00dften Erfolge des Sendersi ist. Dazu pr\u00e4sentiert er seit 2023 die ebenfalls erfolgreiche Comedy-Show &#8222;Die besten Comedians Deutschlands&#8220; in der Primetime. Davon stehen am 29. Dezember und 2. Januar direkt zwei neue Folgen auf dem Programm. Und viele weitere d\u00fcrften folgen: Sat.1 hat den Exklusivvertrag mit Boschmann nun um mehrere Jahre verl\u00e4ngert.<\/p>\n<p>&#13;<br \/>\n&#13;<\/p>\n<p>Senderchef Marc Rasmus sagt: &#8222;Daniel Boschmann vereint alles, was unsere Zuschauer sch\u00e4tzen: Empathie, Verl\u00e4sslichkeit, Kompetenz, die F\u00e4higkeit, in jedem Moment &#8211; selbst in den fr\u00fchesten Morgenstunden &#8211; authentisch zu sein, und nat\u00fcrlich Humor. Seine Lachanf\u00e4lle im &#8218;Sat.1-Fr\u00fchst\u00fccksfernsehen&#8216; sind genauso legend\u00e4r wie seine emotionalen Interviews. Auch deshalb ist Boschi der richtige Moderator f\u00fcr unsere Prime-Time-Comedymarke &#8218;Die besten Comedians Deutschlands&#8216;. Lieber Boschi, wir freuen uns sehr, unsere gemeinsame Reise mit Dir fortzusetzen. Danke f\u00fcr Deinen Einsatz und Dein Vertrauen.&#8220;<\/p>\n<p>&#13;<\/p>\n<p>Boschmann selbst kommentiert: &#8222;Wie sch\u00f6n, dass mein Klingelschild weiter am selben Haus h\u00e4ngen wird &#8211; ich habe mich im &#8218;B\u00e4llchensender&#8216; bestens eingerichtet. Das &#8218;Sat.1-Fr\u00fchst\u00fccksfernsehen&#8216; ist und bleibt nicht nur ein Job, sondern eine Berufung. Menschen mit Fr\u00f6hlichkeit in den Tag zu begleiten, ohne dabei zu vergessen, das Ernste einzuordnen, ist eine Herausforderung, die ich mit gr\u00f6\u00dfter Freude jeden Morgen annehme. Und mit &#8218;Die besten Comedians Deutschlands&#8216; gelingt es uns, die positive Energie aus der Halle direkt in die Wohnzimmer der Zuschauer zu tragen und gute Laune zu verbreiten &#8211; wie gro\u00dfartig ist das!?&#8220;<\/p>\n<p>&#13;<br \/>\n&#13;<\/p>\n<p>Auf einen neuen Arbeitsweg einstellen muss sich Boschmann allerdings trotzdem: Voraussichtlich Mitte kommenden Jahres muss das &#8222;Fr\u00fchst\u00fccksfernsehen&#8220; seine langj\u00e4hrige Heimat in den Studios der Fernsehwerft am Spreeufer aufgeben und <a href=\"https:\/\/www.dwdl.de\/nachrichten\/104593\/von_der_spree_zu_springer_sat1fruehstuecksfernsehen_zieht_um\/\" target=\"_blank\" rel=\"noopener nofollow\">zieht stattdessen zu Axel Springer<\/a>. Springer ist \u00fcber die Tochter MAZ &amp; More die Produktionsfirma des Fr\u00fchst\u00fccksfernsehens.<\/p>\n","protected":false},"excerpt":{"rendered":"Schon seit 2016 geh\u00f6rt Daniel Boschmann zum Fr\u00fchaufsteher-Team von Sat.1 und pr\u00e4sentiert das &#8222;Sat.1 Fr\u00fchst\u00fccksfernsehen&#8220;, das bis heute&hellip;\n","protected":false},"author":2,"featured_media":613212,"comment_status":"","ping_status":"","sticky":false,"template":"","format":"standard","meta":{"footnotes":""},"categories":[1773],"tags":[29,214,30,471,1780,215],"class_list":{"0":"post-613211","1":"post","2":"type-post","3":"status-publish","4":"format-standard","5":"has-post-thumbnail","7":"category-serien","8":"tag-deutschland","9":"tag-entertainment","10":"tag-germany","11":"tag-serien","12":"tag-series","13":"tag-unterhaltung"},"share_on_mastodon":{"url":"https:\/\/pubeurope.com\/@de\/115638503368790388","error":""},"_links":{"self":[{"href":"https:\/\/www.europesays.com\/de\/wp-json\/wp\/v2\/posts\/613211","targetHints":{"allow":["GET"]}}],"collection":[{"href":"https:\/\/www.europesays.com\/de\/wp-json\/wp\/v2\/posts"}],"about":[{"href":"https:\/\/www.europesays.com\/de\/wp-json\/wp\/v2\/types\/post"}],"author":[{"embeddable":true,"href":"https:\/\/www.europesays.com\/de\/wp-json\/wp\/v2\/users\/2"}],"replies":[{"embeddable":true,"href":"https:\/\/www.europesays.com\/de\/wp-json\/wp\/v2\/comments?post=613211"}],"version-history":[{"count":0,"href":"https:\/\/www.europesays.com\/de\/wp-json\/wp\/v2\/posts\/613211\/revisions"}],"wp:featuredmedia":[{"embeddable":true,"href":"https:\/\/www.europesays.com\/de\/wp-json\/wp\/v2\/media\/613212"}],"wp:attachment":[{"href":"https:\/\/www.europesays.com\/de\/wp-json\/wp\/v2\/media?parent=613211"}],"wp:term":[{"taxonomy":"category","embeddable":true,"href":"https:\/\/www.europesays.com\/de\/wp-json\/wp\/v2\/categories?post=613211"},{"taxonomy":"post_tag","embeddable":true,"href":"https:\/\/www.europesays.com\/de\/wp-json\/wp\/v2\/tags?post=613211"}],"curies":[{"name":"wp","href":"https:\/\/api.w.org\/{rel}","templated":true}]}}