{"id":613215,"date":"2025-11-30T11:52:18","date_gmt":"2025-11-30T11:52:18","guid":{"rendered":"https:\/\/www.europesays.com\/de\/613215\/"},"modified":"2025-11-30T11:52:18","modified_gmt":"2025-11-30T11:52:18","slug":"terminator-james-camerons-scifi-kult-erscheint-2026-auf-ultra-hd-blu-ray-in-limitierten-sondereditionen","status":"publish","type":"post","link":"https:\/\/www.europesays.com\/de\/613215\/","title":{"rendered":"&#8222;Terminator&#8220;: James Camerons SciFi-Kult erscheint 2026 auf Ultra HD Blu-ray in limitierten Sondereditionen"},"content":{"rendered":"\n<p>Werbung \u2013 Durch K\u00e4ufe bei unseren Partnern <a href=\"https:\/\/bluray-disc.de\/out.php?tid=1644b3bcb92017d15394fccea0b7e57884cbad1e&amp;link=https%3A%2F%2Famazon.de&amp;cs=blu-ray-news\" target=\"_blank\" rel=\"noopener\">Amazon<\/a>, <a href=\"https:\/\/bluray-disc.de\/out.php?tid=1644b3bcb92017d15394fccea0b7e57884cbad1e&amp;link=https%3A%2F%2Fpartner.jpc.de%2Fgo.cgi%3Fpid%3D138%26wmid%3Dcc%26cpid%3D1%26subid%3Dnb1%26target%3Dhttps%253A%252F%252Fwww.jpc.de%252F&amp;cs=blu-ray-news\" target=\"_blank\" rel=\"noopener\">JPC<\/a>, <a href=\"https:\/\/bluray-disc.de\/out.php?tid=1644b3bcb92017d15394fccea0b7e57884cbad1e&amp;link=https%3A%2F%2Fpvn.saturn.de%2Ftrck%2Feclick%2F8ce52e9d3cbbfb1f0b20bd535761e435%3Fsubid%3Dnb1%26url%3Dhttps%253A%252F%252Fwww.saturn.de%252F&amp;cs=blu-ray-news\" target=\"_blank\" rel=\"noopener\">Saturn<\/a>, <a href=\"https:\/\/bluray-disc.de\/out.php?tid=1644b3bcb92017d15394fccea0b7e57884cbad1e&amp;link=https%3A%2F%2Fpvn.mediamarkt.de%2Ftrck%2Feclick%2F5cb0c4a58048b097ca0f607dea63fe8a%3Fsubid%3Dnb1%26url%3Dhttps%253A%252F%252Fwww.mediamarkt.de%252F&amp;cs=blu-ray-news\" target=\"_blank\" rel=\"noopener\">MediaMarkt<\/a>, <a href=\"https:\/\/bluray-disc.de\/out.php?tid=1644b3bcb92017d15394fccea0b7e57884cbad1e&amp;link=https%3A%2F%2Fwww.awin1.com%2Fcread.php%3Fawinmid%3D10547%26awinaffid%3D89931%26clickref%3Dnb1%26ued%3Dhttps%253A%252F%252Fwww.zavvi.de%252F&amp;cs=blu-ray-news\" target=\"_blank\" rel=\"noopener\">Zavvi<\/a>, <a href=\"https:\/\/bluray-disc.de\/out.php?tid=1644b3bcb92017d15394fccea0b7e57884cbad1e&amp;link=https%3A%2F%2Fluna.r.lafamo.com%2Fts%2Fi5533423%2Ftsc%3Famc%3Dcon.blbn.455796.513513.14176519%26smc%3Dpt2%26rmd%3D3%26trg%3Dhttps%253A%252F%252Fwww.media-dealer.de&amp;cs=blu-ray-news\" target=\"_blank\" rel=\"noopener\">Media-Dealer.de<\/a> uvm. erhalten wir Provisionen \u00fcber Affiliate-Links. Sie unterst\u00fctzen damit die Redaktion von bluray-disc.de. Preise und Verf\u00fcgbarkeit ohne Gew\u00e4hr.<br \/>\n\t\t&#8222;Terminator&#8220;: James Camerons SciFi-Kult erscheint 2026 auf Ultra HD Blu-ray in limitierten Sondereditionen<\/p>\n<p>\n\t\t\t\t\t5 Bewertung(en) mit \u00f8 3,80 Punkte\n\t\t\t\t<\/p>\n<p>30.11.2025<\/p>\n<p>\t\t\t<img loading=\"lazy\" decoding=\"async\" src=\"https:\/\/www.europesays.com\/de\/wp-content\/uploads\/2025\/11\/Terminator_1984_News.jpg\" alt=\"Terminator_1984_News.jpg\" title=\"Terminator_1984_News.jpg\" width=\"360\" height=\"272\"\/><\/p>\n<p>\t\t\t\t<img loading=\"lazy\" decoding=\"async\" src=\"https:\/\/www.europesays.com\/de\/wp-content\/uploads\/2025\/11\/Terminator-1984-Newsbild-01.jpg\" width=\"800\" height=\"600\" title=\"Terminator-1984-Newsbild-01.jpg\" alt=\"Terminator-1984-Newsbild-01.jpg\"\/>Der Erfolg von &#8222;<a href=\"https:\/\/bluray-disc.de\/blu-ray-filme\/79446-terminator_1984_neuauflage\" target=\"_blank\" rel=\"noopener\"><b>Terminator<\/b><\/a>&#8220; (USA 1984) gab den Karrieren von Regisseur James Cameron und Hauptdarsteller Arnold Schwarzenegger einen gewaltigen Schub und zog mehrere Fortsetzungen nach sich, darunter den ebenfalls unter der Regie von Cameron entstandenen Blockbuster &#8222;<a href=\"https:\/\/bluray-disc.de\/blu-ray-filme\/189349-terminator_2_tag_der_abrechnung_4k_remastered_special_edition\" target=\"_blank\" rel=\"noopener\"><b>Terminator 2 &#8211; Tag Der Abrechnung<\/b><\/a>&#8220; (USA 1991; OT: &#8222;Terminator 2: Judgment Day&#8220;). Der erste Teil ist nicht nur auf Blu-ray Disc erschienen, sondern im vergangenen Jahr von Warner Home Video zum 40-j\u00e4hrigen Jubil\u00e4um auch mit entfallenen Szenen und diversen Featurettes auf <a href=\"https:\/\/bluray-disc.de\/blu-ray-filme\/191779-terminator_1984_4k_limited_steelbook_edition_4k_uhd_bluray\" target=\"_blank\" rel=\"noopener\"><b>4K UHD<\/b><\/a> im Steelbook. Die Disc verf\u00fcgt \u00fcber <b>Dolby Vision<\/b>, deutschen Ton in DTS-HD Master Audio 5.1 und englischen <b>Dolby-Atmos-Sound<\/b> \u2013 und ist leider schon l\u00e4ngst ausverkauft. Zum Gl\u00fcck gibt es Capelight Pictures. Denn wie der Independent als dritte Zugabe der &#8222;7 Tage, 7 News&#8220;-Ank\u00fcndigungen auf seinen Social-Media-Kan\u00e4len offenbart hat, wird man den neben Schwarzenegger mit Linda Hamilton und Michael Biehn in den tragenden Rollen besetzten Science-Fiction-Actionthriller im n\u00e4chsten Jahr im Vertrieb der Alive AG auf <a href=\"https:\/\/bluray-disc.de\/blu-ray-filme\/202781-terminator_1984_4k_limited_mediabook_edition_4k_uhd_bluray\" target=\"_blank\" rel=\"noopener\"><b>Ultra HD Blu-ray<\/b><\/a> in einer limitierten <a href=\"https:\/\/bluray-disc.de\/blu-ray-filme\/202781-terminator_1984_4k_limited_mediabook_edition_4k_uhd_bluray\" target=\"_blank\" rel=\"noopener\"><b>Mediabook-Edition<\/b><\/a> inklusive Buchteil und Blu-ray auf den Markt bringen. Au\u00dferdem erscheint auch eine <a href=\"https:\/\/bluray-disc.de\/blu-ray-filme\/202819-terminator_1984_4k_limited_steelbook_edition_neuauflage_4k_uhd_bluray\" target=\"_blank\" rel=\"noopener\"><b>Steelbook-Neuauflage<\/b><\/a>.&#13;<br \/>\n&#13;<br \/>\n&#13;<br \/>\n&#13;<br \/>\n<b>Inhalt:<\/b> Der Krieg zwischen Menschen und Maschinen wird in der Vergangenheit entschieden: Das ist die Pr\u00e4misse, die der Story des Kult SciFi Thrillers bzw. Actionfilms zu Grunde liegt. Der Terminator (A. Schwarzenegger) reist durch die Zeit zur\u00fcck, um zu verhindern, dass der sp\u00e4tere Anf\u00fchrer des Widerstandes gegen die Maschinenwesen \u00fcberhaupt geboren wird \u2026 (sw)&#13;<br \/>\n&#13;<br \/>\n<b>2026 im Handel erh\u00e4ltlich:<\/b>&#13;<br \/>\n&#13;<br \/>\n<b>Bereits im Kaufhandel erschienen (Auswahl):<\/b><a class=\"pricelist-info-button\" href=\"https:\/\/bluray-disc.de\/blu-ray-news\/filme\/javascript:;\" alt=\"info\" target=\"_blank\" rel=\"noopener\">INFO<\/a><\/p>\n<p>Story<\/p>\n<p>Bildqualit\u00e4t<\/p>\n<p>Tonqualit\u00e4t<\/p>\n<p>Extras<\/p>\n<p>&#13;<br \/>\n&#13;<br \/>\n<b>Ebenfalls im Kaufhandel erschienen (Auswahl):<\/b><a class=\"pricelist-info-button\" href=\"https:\/\/bluray-disc.de\/blu-ray-news\/filme\/javascript:;\" alt=\"info\" target=\"_blank\" rel=\"noopener\">INFO<\/a><\/p>\n<p>Story<\/p>\n<p>Bildqualit\u00e4t<\/p>\n<p>Tonqualit\u00e4t<\/p>\n<p>Extras<\/p>\n<p><a class=\"pricelist-info-button\" href=\"https:\/\/bluray-disc.de\/blu-ray-news\/filme\/javascript:;\" alt=\"info\" target=\"_blank\" rel=\"noopener\">INFO<\/a><\/p>\n<p>Story<\/p>\n<p>Bildqualit\u00e4t<\/p>\n<p>Tonqualit\u00e4t<\/p>\n<p>Extras<\/p>\n<p><a class=\"pricelist-info-button\" href=\"https:\/\/bluray-disc.de\/blu-ray-news\/filme\/javascript:;\" alt=\"info\" target=\"_blank\" rel=\"noopener\">INFO<\/a><\/p>\n<p>Story<\/p>\n<p>Bildqualit\u00e4t<\/p>\n<p>Tonqualit\u00e4t<\/p>\n<p>Extras<\/p>\n<p><a class=\"pricelist-info-button\" href=\"https:\/\/bluray-disc.de\/blu-ray-news\/filme\/javascript:;\" alt=\"info\" target=\"_blank\" rel=\"noopener\">INFO<\/a><\/p>\n<p>Story<\/p>\n<p>Bildqualit\u00e4t<\/p>\n<p>Tonqualit\u00e4t<\/p>\n<p>Extras<\/p>\n<p><a class=\"pricelist-info-button\" href=\"https:\/\/bluray-disc.de\/blu-ray-news\/filme\/javascript:;\" alt=\"info\" target=\"_blank\" rel=\"noopener\">INFO<\/a><\/p>\n<p>Story<\/p>\n<p>Bildqualit\u00e4t<\/p>\n<p>Tonqualit\u00e4t<\/p>\n<p>Extras<\/p>\n<p><a class=\"pricelist-info-button\" href=\"https:\/\/bluray-disc.de\/blu-ray-news\/filme\/javascript:;\" alt=\"info\" target=\"_blank\" rel=\"noopener\">INFO<\/a><\/p>\n<p>Story<\/p>\n<p>Bildqualit\u00e4t<\/p>\n<p>Tonqualit\u00e4t<\/p>\n<p>Extras<\/p>\n<p><a class=\"pricelist-info-button\" href=\"https:\/\/bluray-disc.de\/blu-ray-news\/filme\/javascript:;\" alt=\"info\" target=\"_blank\" rel=\"noopener\">INFO<\/a><\/p>\n<p>Story<\/p>\n<p>Bildqualit\u00e4t<\/p>\n<p>Tonqualit\u00e4t<\/p>\n<p>Extras<\/p>\n<p><a class=\"pricelist-info-button\" href=\"https:\/\/bluray-disc.de\/blu-ray-news\/filme\/javascript:;\" alt=\"info\" target=\"_blank\" rel=\"noopener\">INFO<\/a><\/p>\n<p>Story<\/p>\n<p>Bildqualit\u00e4t<\/p>\n<p>Tonqualit\u00e4t<\/p>\n<p>Extras<\/p>\n<p><a href=\"https:\/\/bluray-disc.de\/forum\/topic\/226189-terminator-james-camerons-scifi-kult-erscheint\/\" target=\"_blank\" rel=\"noopener\">zum Forum<\/a>\t\t\t<\/p>\n<p>Der Beitrag wurde gemeldet!<\/p>\n<p>\n        5 Bewertung(en) mit \u00f8 3,80 Punkte\n    <\/p>\n<p><a href=\"https:\/\/bluray-disc.de\/out.php?link=https%3A%2F%2Fwww.amazon.de%2Fgp%2Fproduct%2FB0G1NK8SW5%3Fie%3DUTF8%26tag%3Dbluray26-21%26linkCode%3Dxm2%26camp%3D1638%26creative%3D6742%26creativeASIN%3DB0G1NK8SW5&amp;cs=blu-ray-news\" target=\"_blank\" rel=\"nofollow noopener noreferrer\"><img decoding=\"async\" src=\"https:\/\/www.europesays.com\/de\/wp-content\/uploads\/2025\/11\/Minority-Report-Banner-rechts.jpg\" height=\"395\" width=\"656\" loading=\"lazy\" title=\"Minority Report 4K SB\" alt=\"Minority Report 4K SB\"\/><\/a><\/p>\n","protected":false},"excerpt":{"rendered":"Werbung \u2013 Durch K\u00e4ufe bei unseren Partnern Amazon, JPC, Saturn, MediaMarkt, Zavvi, Media-Dealer.de uvm. erhalten wir Provisionen \u00fcber&hellip;\n","protected":false},"author":2,"featured_media":613216,"comment_status":"","ping_status":"","sticky":false,"template":"","format":"standard","meta":{"footnotes":""},"categories":[1771],"tags":[1778,29,214,30,95,1777,215],"class_list":{"0":"post-613215","1":"post","2":"type-post","3":"status-publish","4":"format-standard","5":"has-post-thumbnail","7":"category-kino","8":"tag-cinema","9":"tag-deutschland","10":"tag-entertainment","11":"tag-germany","12":"tag-kino","13":"tag-movie","14":"tag-unterhaltung"},"share_on_mastodon":{"url":"https:\/\/pubeurope.com\/@de\/115638511090751980","error":""},"_links":{"self":[{"href":"https:\/\/www.europesays.com\/de\/wp-json\/wp\/v2\/posts\/613215","targetHints":{"allow":["GET"]}}],"collection":[{"href":"https:\/\/www.europesays.com\/de\/wp-json\/wp\/v2\/posts"}],"about":[{"href":"https:\/\/www.europesays.com\/de\/wp-json\/wp\/v2\/types\/post"}],"author":[{"embeddable":true,"href":"https:\/\/www.europesays.com\/de\/wp-json\/wp\/v2\/users\/2"}],"replies":[{"embeddable":true,"href":"https:\/\/www.europesays.com\/de\/wp-json\/wp\/v2\/comments?post=613215"}],"version-history":[{"count":0,"href":"https:\/\/www.europesays.com\/de\/wp-json\/wp\/v2\/posts\/613215\/revisions"}],"wp:featuredmedia":[{"embeddable":true,"href":"https:\/\/www.europesays.com\/de\/wp-json\/wp\/v2\/media\/613216"}],"wp:attachment":[{"href":"https:\/\/www.europesays.com\/de\/wp-json\/wp\/v2\/media?parent=613215"}],"wp:term":[{"taxonomy":"category","embeddable":true,"href":"https:\/\/www.europesays.com\/de\/wp-json\/wp\/v2\/categories?post=613215"},{"taxonomy":"post_tag","embeddable":true,"href":"https:\/\/www.europesays.com\/de\/wp-json\/wp\/v2\/tags?post=613215"}],"curies":[{"name":"wp","href":"https:\/\/api.w.org\/{rel}","templated":true}]}}