{"id":613219,"date":"2025-11-30T11:54:12","date_gmt":"2025-11-30T11:54:12","guid":{"rendered":"https:\/\/www.europesays.com\/de\/613219\/"},"modified":"2025-11-30T11:54:12","modified_gmt":"2025-11-30T11:54:12","slug":"aerger-nach-wechsel-kovac-laesst-bei-wuetendem-guirassy-milde-walten","status":"publish","type":"post","link":"https:\/\/www.europesays.com\/de\/613219\/","title":{"rendered":"\u00c4rger nach Wechsel: Kovac l\u00e4sst bei w\u00fctendem Guirassy Milde walten"},"content":{"rendered":"<p>\u00c4rger nach WechselKovac l\u00e4sst bei w\u00fctendem Guirassy Milde walten<img decoding=\"async\" class=\"Image_img__fQCi0 Image_Img_16_9__4BLfH widget-picture-inline_maximizable__t_E7h\" loading=\"eager\" fetchpriority=\"high\" src=\"https:\/\/www.europesays.com\/de\/wp-content\/uploads\/2025\/11\/Leverkusen-Germany-29th-Nov-2025-Trainer-Niko-Kovac-BVB-Serhou-Guirassy-BVB-Bayer-Leverkusen-Borussi.webp\" alt=\"Leverkusen-Germany-29th-Nov-2025-Trainer-Niko-Kovac-BVB-Serhou-Guirassy-BVB-Bayer-Leverkusen-Borussia-Dortmund-29-11\"\/>Serhou Guirassy l\u00e4sst Niko Kovac stehen. (Foto: IMAGO\/Moritz M\u00fcller)TeilenFolgen auf:<a href=\"https:\/\/www.whatsapp.com\/channel\/0029Va5cdVJD8SDp5YZgYF01\" title=\"Auf WhatsApp folgen\" target=\"_blank\" rel=\"noopener\"><img decoding=\"async\" src=\"https:\/\/www.n-tv.de\/socialIcons\/whatsapp.svg\" alt=\"whatsapp\" class=\"ArticleShare_icon__FsrC2\"\/><\/a><a href=\"https:\/\/news.google.com\/publications\/CAAiEPMdif5mpRNxiLOeUpHCwwsqFAgKIhDzHYn-ZqUTcYiznlKRwsML?hl=de&amp;gl=DE&amp;ceid=DE%3Ade\" title=\"Auf Google News folgen\" target=\"_blank\" rel=\"noopener\"><img decoding=\"async\" src=\"https:\/\/www.n-tv.de\/socialIcons\/google.svg\" alt=\"whatsapp\" class=\"ArticleShare_icon__FsrC2\"\/><\/a><\/p>\n<p class=\"Typography_text-m__XI0da Typography_weight-bold__uT6mq storyline_lead_text_leadtext__q_wg8\">Borussia Dortmund feiert einen wichtigen Sieg, doch die Freude ist zumindest kurz getr\u00fcbt: St\u00fcrmer Serhou Guirassy trifft nicht und produziert dann bei seiner Auswechslung \u00c4rger. Sein Trainer f\u00e4ngt die Situation mit Milde ein.<\/p>\n<p class=\"Typography_text-default__P3otY Typography_weight-normal__pqUbH storyline_paragraph_p__qSR5N\">Serhou Guirassy muss trotz seiner abf\u00e4lligen Reaktion nach der Auswechslung keine Konsequenzen bef\u00fcrchten. F\u00fcr BVB-Trainer Niko Kovac war die Angelegenheit nach Dortmunds 2:1-Sieg in der Fu\u00dfball-Bundesliga bei Bayer Leverkusen schnell beendet. &#8222;Es ist alles wieder gut. Der Serhou und ich sind ein Herz und eine Seele&#8220;, sagte Kovac nach dem Spiel.<\/p>\n<p class=\"Typography_text-default__P3otY Typography_weight-normal__pqUbH storyline_paragraph_p__qSR5N\">Kovac hatte den schwachen BVB-St\u00fcrmer in der 61. Minute ausgewechselt. Guirassy war dar\u00fcber sichtlich ver\u00e4rgert, warf seine Handschuhe weg und verweigerte Kovac den Handschlag. Unmittelbar nach der Partie suchte der Dortmunder Trainer das Gespr\u00e4ch mit seinem St\u00fcrmer, redete intensiv auf ihn ein und nahm ihn anschlie\u00dfend in den Arm.<\/p>\n<p class=\"Typography_text-default__P3otY Typography_weight-normal__pqUbH storyline_paragraph_p__qSR5N\">&#8222;Ich bin jetzt 54 Jahre alt. Vielleicht h\u00e4tte ich vor ein paar Jahren anders reagiert&#8220;, sagte Kovac. &#8222;Wir haben das nach dem Spiel geregelt. Er hat auch verstanden, warum das der Fall war&#8220;, sagte der BVB-Coach zur Auswechslung und \u00e4u\u00dferte gar Verst\u00e4ndnis: &#8222;Es w\u00e4re auch nicht sch\u00f6n, wenn er l\u00e4chelnd und zufrieden rauskommt.&#8220; <\/p>\n<p>&#8222;Werde ihn weiter st\u00fctzen&#8220;<\/p>\n<p class=\"Typography_text-default__P3otY Typography_weight-normal__pqUbH storyline_paragraph_p__qSR5N\">Gleichwohl wisse er, dass &#8222;das jetzt nat\u00fcrlich ein Thema sein wird, aber unn\u00f6tig&#8220;, sagte Kovac bei Sky. &#8222;Also wenn einer dem Serhou die Stange h\u00e4lt, dann bin ich das.&#8220; Auch gegen Leverkusen zeigte der 29-J\u00e4hrige keine gute Leistung, verlor zahlreiche B\u00e4lle und vergab vor der Halbzeit eine Gro\u00dfchance.<\/p>\n<p>Bundesliga &#8211; 12. Spieltag<\/p>\n<p class=\"Typography_text-default__P3otY Typography_weight-normal__pqUbH storyline_paragraph_p__qSR5N\">Kovac hob dazu seine Unterst\u00fctzung f\u00fcr Guirassy in den vergangenen schwierigeren Wochen hervor, in denen der Toptorj\u00e4ger der vergangenen Saison nur einmal in acht Bundesligaspielen traf. &#8222;Ich habe ihn gest\u00fctzt und ich werde ihn weiter st\u00fctzen, weil er unser wichtigster St\u00fcrmer ist. Ich wei\u00df, wie wichtig er f\u00fcr uns ist&#8220;, sagte der BVB-Coach, aber Guirassy wisse auch, &#8222;wie wichtig ich f\u00fcr ihn bin&#8220;. Guirassy m\u00fcsse dann &#8222;auch mal akzeptieren, dass ich ihn auswechsle, weil ich glaube, der Fabio hat die Flanke zum zweiten Tor gegeben.&#8220; Gemeint war Fabio Silva, der vier Minuten nach seiner Einwechslung das 2:0 durch Karim Adeyemi vorbereitet hatte.<\/p>\n<p class=\"Typography_text-s__wu_cm Typography_weight-normal__pqUbH Typography_color-darkgrey__sZEnP article-detail-footer_source__KslPc\">Quelle: ntv.de, ter\/sid<\/p>\n","protected":false},"excerpt":{"rendered":"\u00c4rger nach WechselKovac l\u00e4sst bei w\u00fctendem Guirassy Milde waltenSerhou Guirassy l\u00e4sst Niko Kovac stehen. (Foto: IMAGO\/Moritz M\u00fcller)TeilenFolgen auf:&hellip;\n","protected":false},"author":2,"featured_media":613220,"comment_status":"","ping_status":"","sticky":false,"template":"","format":"standard","meta":{"footnotes":""},"categories":[136],"tags":[888,29,347,485,30,13993,265],"class_list":{"0":"post-613219","1":"post","2":"type-post","3":"status-publish","4":"format-standard","5":"has-post-thumbnail","7":"category-sport","8":"tag-borussia-dortmund","9":"tag-deutschland","10":"tag-fussball","11":"tag-fussball-bundesliga","12":"tag-germany","13":"tag-niko-kovac","14":"tag-sport"},"share_on_mastodon":{"url":"https:\/\/pubeurope.com\/@de\/115638519593332006","error":""},"_links":{"self":[{"href":"https:\/\/www.europesays.com\/de\/wp-json\/wp\/v2\/posts\/613219","targetHints":{"allow":["GET"]}}],"collection":[{"href":"https:\/\/www.europesays.com\/de\/wp-json\/wp\/v2\/posts"}],"about":[{"href":"https:\/\/www.europesays.com\/de\/wp-json\/wp\/v2\/types\/post"}],"author":[{"embeddable":true,"href":"https:\/\/www.europesays.com\/de\/wp-json\/wp\/v2\/users\/2"}],"replies":[{"embeddable":true,"href":"https:\/\/www.europesays.com\/de\/wp-json\/wp\/v2\/comments?post=613219"}],"version-history":[{"count":0,"href":"https:\/\/www.europesays.com\/de\/wp-json\/wp\/v2\/posts\/613219\/revisions"}],"wp:featuredmedia":[{"embeddable":true,"href":"https:\/\/www.europesays.com\/de\/wp-json\/wp\/v2\/media\/613220"}],"wp:attachment":[{"href":"https:\/\/www.europesays.com\/de\/wp-json\/wp\/v2\/media?parent=613219"}],"wp:term":[{"taxonomy":"category","embeddable":true,"href":"https:\/\/www.europesays.com\/de\/wp-json\/wp\/v2\/categories?post=613219"},{"taxonomy":"post_tag","embeddable":true,"href":"https:\/\/www.europesays.com\/de\/wp-json\/wp\/v2\/tags?post=613219"}],"curies":[{"name":"wp","href":"https:\/\/api.w.org\/{rel}","templated":true}]}}