{"id":613313,"date":"2025-11-30T12:53:11","date_gmt":"2025-11-30T12:53:11","guid":{"rendered":"https:\/\/www.europesays.com\/de\/613313\/"},"modified":"2025-11-30T12:53:11","modified_gmt":"2025-11-30T12:53:11","slug":"leipzig-literaturhaus-bittet-stadt-um-finanzielle-hilfe","status":"publish","type":"post","link":"https:\/\/www.europesays.com\/de\/613313\/","title":{"rendered":"Leipzig: Literaturhaus bittet Stadt um finanzielle Hilfe"},"content":{"rendered":"<ul>\n<li><a href=\"#literaturhaus\">In Leipzig <\/a>droht dem Literaturhaus der Verlust seiner angestammten R\u00e4ume im Haus des Buches.<\/li>\n<li>Der Leiter des Hauses begr\u00fcndet die K\u00fcndigung mit der drohenden <a href=\"#insolvenz\">Insolvenz<\/a>.<\/li>\n<li>Der Tr\u00e4ger-Verein kommt anders als bisher nicht mehr ohne F\u00f6rdermittel \u00fcber die Runden und <a href=\"#foerdergelder\">appelliert an die Stadt<\/a>, die sich gern mit dem Titel Buchstadt schm\u00fcckt und 2025 ein Themenjahr begeht. <\/li>\n<\/ul>\n<p class=\"text\">\n<a name=\"literaturhaus\">Das Literaturhaus Leipzig<\/a> wird im Januar seine angestammten R\u00e4ume im Haus des Buches k\u00fcndigen. Der Schritt sei notwendig, um ein m\u00f6gliches Verfahren wegen Insolvenzverschleppung abzuwenden, wie der Leiter des Hauses, Thorsten Ahrend, im Gespr\u00e4ch mit MDR KULTUR erkl\u00e4rte.\n<\/p>\n<p>Literaturhaus Leipzig droht <a name=\"insolvenz\">Insolvenz<\/a><\/p>\n<p class=\"text\">\nAhrend und sein Team warnen seit langem davor, dass ihnen das Geld ausgehe und die Schlie\u00dfung drohe. Die K\u00fcndigung ist nun die erste Ma\u00dfnahme, die das Literaturhaus Leipzig ergreift.\n<\/p>\n<blockquote>\n<p class=\"text\">Durchs n\u00e4chste Jahr kommen wir noch, aber 2027 w\u00e4ren wir insolvent.<\/p>\n<p>Thorsten Ahrend, Literaturhaus Leipzig<\/p>\n<\/blockquote>\n<p class=\"text\">\nDas Geld f\u00fcr den Betrieb, das \u00fcber die Zinsertr\u00e4ge einer Stiftung eingenommen wurde, wird Ahrend zufolge 2026 aufgebraucht sein. &#8222;Durchs n\u00e4chste Jahr kommen wir noch, aber 2027 w\u00fcrden wir insolvent gehen&#8220;, sagte Ahrend MDR KULTUR.\n<\/p>\n<p><a name=\"foerdergelder\">F\u00f6rdergelder<\/a> bei Stadt Leipzig beantragt<\/p>\n<p class=\"text\">\nUm das Literaturhaus vor dem Aus zu retten, brauche es die Unterst\u00fctzung der <a href=\"https:\/\/www.mdr.de\/nachrichten\/sachsen\/leipzig\/leipzig-leipzig-land\/stadt-wohnung-architektur-buch-neu-kultur-news-100.html\" title=\"&quot;Taxi nach Leipzig&quot; \u2013 Neues Buch zeigt Leipzig als eine Stadt im Wandel\" target=\"_blank\" rel=\"noopener\">Stadt Leipzig<\/a>. Ahrend spricht von j\u00e4hrlich 205.000 Euro. Er habe bereits F\u00f6rderantr\u00e4ge gestellt. &#8222;Die vergangenen 35 Jahre sind wir ohne F\u00f6rderung hingekommen, aber nat\u00fcrlich sind die Mittel langsam kleiner geworden und deswegen gibt es leider diese Konsequenz.&#8220;\n<\/p>\n<p class=\"text\">\nDas Literaturhaus wirtschaftete seit 1990 mit einem Vereinsverm\u00f6gen, das sich aus Mitteln des DDR-Kulturhaushalts speiste. Mit den Zinsertr\u00e4gen aus diesem Grundstock konnten Miete und Programm finanziert werden, so dass keine \u00f6ffentlichen Gelder beansprucht wurden. Das sei ungew\u00f6hnlich, betonte Vorsitzende Stephanie Jacobs im &#8222;B\u00f6rsenblatt&#8220;: &#8222;Soweit mir bekannt ist, gibt es kein Literaturhaus in Deutschland, der Schweiz und \u00d6sterreich, das ohne eine \u00f6ffentliche Grundf\u00f6rderung arbeitet.&#8220;\n<\/p>\n<p class=\"text\">\nAngesichts der niedrigen Zinsertr\u00e4ge warnte Gesch\u00e4ftsf\u00fchrer Thorsten Ahrendt bereits seit mehr als drei Jahren, allerdings sah die Stadt der &#8222;Frankfurter Allgemeinen Zeitung&#8220; zufolge bislang angesichts des noch nicht aufgebrauchten Vereinsverm\u00f6gens noch keinen Handlungsbedarf. Akut werde die Situation dann zum Haushaltsbeschluss 2027, warnt Ahrendt.\n<\/p>\n<p>Literaturhaus macht sich f\u00fcr Lesef\u00f6rderung stark<\/p>\n<p class=\"text\">\nDas Literaturhaus Leipzig ist das einzige Literaturhaus in Sachsen. Es setzt sich f\u00fcr Buch- und Lesef\u00f6rderung ein und veranstaltet unter anderem Lesungen, Podiumsdiskussionen, Literaturcaf\u00e9s, Filmvorf\u00fchrungen und eine Schreibwerkstatt f\u00fcr Kinder.\n<\/p>\n<p class=\"text\">\nZu Gast waren allein in diesem Jahr prominente Autorinnen und Autoren wie B\u00fcchnerpreistr\u00e4gerin Ursula Krechel, die Friedensnobelpreistr\u00e4gerin Irina Scherbakowa oder Ian McEwan sowie Lokalmatadoren wie <a href=\"https:\/\/www.mdr.de\/nachrichten\/sachsen\/leipzig\/leipzig-leipzig-land\/deutscher-buchpreis-martina-hefter-kultur-news-100.html\" title=\"Hohes Preisgeld: Deutscher Buchpreis geht an Martina Hefter aus Leipzig\" target=\"_blank\" rel=\"noopener\">Martina Hefter<\/a>, <a href=\"https:\/\/www.mdr.de\/nachrichten\/sachsen\/bautzen\/bautzen-hoyerswerda-kamenz\/lessingpreis-clemens-meyer-tina-pruschmann-georg-genoux-kultur-news-102.html\" title=\"Kamenz: Clemens Meyer mit Lessing-Preis geehrt\" target=\"_blank\" rel=\"noopener\">Clemens Meyer<\/a> oder <a href=\"https:\/\/www.mdr.de\/nachrichten\/sachsen\/leipzig\/leipzig-leipzig-land\/neue-rundschau-debatte-literatur-ddr-kultur-news-102.html\" title=\"Wer darf B\u00fccher \u00fcber die DDR schreiben \u2013 und wie?\" target=\"_blank\" rel=\"noopener\">Dirk Oschmann<\/a>.<\/p>\n","protected":false},"excerpt":{"rendered":"In Leipzig droht dem Literaturhaus der Verlust seiner angestammten R\u00e4ume im Haus des Buches. Der Leiter des Hauses&hellip;\n","protected":false},"author":2,"featured_media":613314,"comment_status":"","ping_status":"","sticky":false,"template":"","format":"standard","meta":{"footnotes":""},"categories":[1832],"tags":[145649,1797,1785,3364,29,30,80,66,71,93,22937,81,859],"class_list":{"0":"post-613313","1":"post","2":"type-post","3":"status-publish","4":"format-standard","5":"has-post-thumbnail","7":"category-leipzig","8":"tag-ahrendt","9":"tag-buch","10":"tag-buecher","11":"tag-de","12":"tag-deutschland","13":"tag-germany","14":"tag-kultur","15":"tag-kulturnachrichten","16":"tag-leipzig","17":"tag-literatur","18":"tag-literaturhaus","19":"tag-mdr","20":"tag-sachsen"},"share_on_mastodon":{"url":"https:\/\/pubeurope.com\/@de\/115638750816136319","error":""},"_links":{"self":[{"href":"https:\/\/www.europesays.com\/de\/wp-json\/wp\/v2\/posts\/613313","targetHints":{"allow":["GET"]}}],"collection":[{"href":"https:\/\/www.europesays.com\/de\/wp-json\/wp\/v2\/posts"}],"about":[{"href":"https:\/\/www.europesays.com\/de\/wp-json\/wp\/v2\/types\/post"}],"author":[{"embeddable":true,"href":"https:\/\/www.europesays.com\/de\/wp-json\/wp\/v2\/users\/2"}],"replies":[{"embeddable":true,"href":"https:\/\/www.europesays.com\/de\/wp-json\/wp\/v2\/comments?post=613313"}],"version-history":[{"count":0,"href":"https:\/\/www.europesays.com\/de\/wp-json\/wp\/v2\/posts\/613313\/revisions"}],"wp:featuredmedia":[{"embeddable":true,"href":"https:\/\/www.europesays.com\/de\/wp-json\/wp\/v2\/media\/613314"}],"wp:attachment":[{"href":"https:\/\/www.europesays.com\/de\/wp-json\/wp\/v2\/media?parent=613313"}],"wp:term":[{"taxonomy":"category","embeddable":true,"href":"https:\/\/www.europesays.com\/de\/wp-json\/wp\/v2\/categories?post=613313"},{"taxonomy":"post_tag","embeddable":true,"href":"https:\/\/www.europesays.com\/de\/wp-json\/wp\/v2\/tags?post=613313"}],"curies":[{"name":"wp","href":"https:\/\/api.w.org\/{rel}","templated":true}]}}