{"id":613328,"date":"2025-11-30T13:01:19","date_gmt":"2025-11-30T13:01:19","guid":{"rendered":"https:\/\/www.europesays.com\/de\/613328\/"},"modified":"2025-11-30T13:01:19","modified_gmt":"2025-11-30T13:01:19","slug":"so-schwierig-ist-die-umbauphase-am-landgericht","status":"publish","type":"post","link":"https:\/\/www.europesays.com\/de\/613328\/","title":{"rendered":"So schwierig ist die Umbauphase am Landgericht"},"content":{"rendered":"<p class=\"text_ohne_einzug richtext text-em-55 !leading-serif mx-6 desktop:mx-0\"> Sie steht seit knapp einem Jahr an der Spitze des drittgr\u00f6\u00dften deutschen Landgerichts: Katrin Jungclaus. Die 57-j\u00e4hrige Juristin kommt aus <a href=\"https:\/\/rp-online.de\/thema\/kleve\/\" target=\"_blank\" rel=\"noopener\">Kleve<\/a> und beschreibt ihre Ver\u00e4nderung selbst so: \u201eIn Kleve befindet sich das Landgericht in einem historischen Geb\u00e4ude, da konnte ich von meinem Fenster das Gr\u00fcn am Niederrhein sehen. Jetzt schaue ich auf den K\u00f6lner Dom.\u201c Das wird sie allerdings nur machen k\u00f6nnen, wenn ihr umfangreicher Job als Chefin von 229 Richterinnen und Richtern und rund 600 Mitarbeitern mal eine kurze Pause bietet. Und das betrifft nur die t\u00e4gliche Arbeit; denn neben dem nicht zu \u00fcbersehenden 105 Meter hohen Turm an der Luxemburger Stra\u00dfe in K\u00f6ln-S\u00fclz wird kr\u00e4ftig gebaut \u2013 an einer Interimsl\u00f6sung. Die K\u00f6lner sind n\u00e4mlich auch f\u00fcr insgesamt acht Amtsgerichte \u2013 darunter Leverkusen \u2013 zust\u00e4ndig. Die Berufungsverfahren dieser acht Gerichte landen in K\u00f6ln.<\/p>\n","protected":false},"excerpt":{"rendered":"Sie steht seit knapp einem Jahr an der Spitze des drittgr\u00f6\u00dften deutschen Landgerichts: Katrin Jungclaus. Die 57-j\u00e4hrige Juristin&hellip;\n","protected":false},"author":2,"featured_media":613329,"comment_status":"","ping_status":"","sticky":false,"template":"","format":"standard","meta":{"footnotes":""},"categories":[1828],"tags":[56110,29,2690,30,1942,82569,42438,7738,1420,4933,21783,2375,1209,23681,16476,96877],"class_list":{"0":"post-613328","1":"post","2":"type-post","3":"status-publish","4":"format-standard","5":"has-post-thumbnail","7":"category-koeln","8":"tag-berufungsverfahren","9":"tag-deutschland","10":"tag-gericht","11":"tag-germany","12":"tag-job","13":"tag-jungclaus","14":"tag-katrin","15":"tag-kleve","16":"tag-koeln","17":"tag-landgericht","18":"tag-landgerichts","19":"tag-leverkusen","20":"tag-nordrhein-westfalen","21":"tag-praesidentin","22":"tag-verfahren","23":"tag-vizepraesidentin"},"share_on_mastodon":{"url":"https:\/\/pubeurope.com\/@de\/115638782199485157","error":""},"_links":{"self":[{"href":"https:\/\/www.europesays.com\/de\/wp-json\/wp\/v2\/posts\/613328","targetHints":{"allow":["GET"]}}],"collection":[{"href":"https:\/\/www.europesays.com\/de\/wp-json\/wp\/v2\/posts"}],"about":[{"href":"https:\/\/www.europesays.com\/de\/wp-json\/wp\/v2\/types\/post"}],"author":[{"embeddable":true,"href":"https:\/\/www.europesays.com\/de\/wp-json\/wp\/v2\/users\/2"}],"replies":[{"embeddable":true,"href":"https:\/\/www.europesays.com\/de\/wp-json\/wp\/v2\/comments?post=613328"}],"version-history":[{"count":0,"href":"https:\/\/www.europesays.com\/de\/wp-json\/wp\/v2\/posts\/613328\/revisions"}],"wp:featuredmedia":[{"embeddable":true,"href":"https:\/\/www.europesays.com\/de\/wp-json\/wp\/v2\/media\/613329"}],"wp:attachment":[{"href":"https:\/\/www.europesays.com\/de\/wp-json\/wp\/v2\/media?parent=613328"}],"wp:term":[{"taxonomy":"category","embeddable":true,"href":"https:\/\/www.europesays.com\/de\/wp-json\/wp\/v2\/categories?post=613328"},{"taxonomy":"post_tag","embeddable":true,"href":"https:\/\/www.europesays.com\/de\/wp-json\/wp\/v2\/tags?post=613328"}],"curies":[{"name":"wp","href":"https:\/\/api.w.org\/{rel}","templated":true}]}}