{"id":613345,"date":"2025-11-30T13:11:16","date_gmt":"2025-11-30T13:11:16","guid":{"rendered":"https:\/\/www.europesays.com\/de\/613345\/"},"modified":"2025-11-30T13:11:16","modified_gmt":"2025-11-30T13:11:16","slug":"tv-programm-notes-of-berlin-filmdienst","status":"publish","type":"post","link":"https:\/\/www.europesays.com\/de\/613345\/","title":{"rendered":"TV-Programm: &#8222;Notes of Berlin&#8220; | Filmdienst"},"content":{"rendered":"<p>Ausgehend von Aush\u00e4ngen und Zetteln, die im Berliner Stadtraum \u00fcberall zu finden sind, entfaltet ein kurzweiliger Film ein Panorama nur lose verbundener Erz\u00e4hlstr\u00e4nge. Mit einem herausragenden, von Episode zu Episode wechselnden Ensemble und gefilmt im intim unspektakul\u00e4ren 4:3-Format entsteht ein zwischen satirischer \u00dcberspitzung und Mumblecore changierender Realismus.<\/p>\n<p>Anstatt jede Geschichte zu einer Pointe oder gar These hinzuf\u00fchren und am Ende alle Splitter zu einem Ganzen zu vereinen, setzt der Film von <a href=\"https:\/\/www.filmdienst.de\/person\/details\/432587\/mariejosephin-schneider\" target=\"_blank\" rel=\"noopener\"><strong>Mariejosephin Schneider<\/strong><\/a> mutig auf Fragment und Fl\u00fcchtigkeit. Damit kommt er der realen, oft wenig spektakul\u00e4ren Lebenswirklichkeit in Berlin auf trockene wie liebevolle Weise nahe. &#8211; Sehenswert ab 14.<\/p>\n","protected":false},"excerpt":{"rendered":"Ausgehend von Aush\u00e4ngen und Zetteln, die im Berliner Stadtraum \u00fcberall zu finden sind, entfaltet ein kurzweiliger Film ein&hellip;\n","protected":false},"author":2,"featured_media":613346,"comment_status":"","ping_status":"","sticky":false,"template":"","format":"standard","meta":{"footnotes":""},"categories":[1825],"tags":[296,29,30,113218,95,80,145651,15,145650],"class_list":{"0":"post-613345","1":"post","2":"type-post","3":"status-publish","4":"format-standard","5":"has-post-thumbnail","7":"category-berlin","8":"tag-berlin","9":"tag-deutschland","10":"tag-germany","11":"tag-heimkino","12":"tag-kino","13":"tag-kultur","14":"tag-mediatheken","15":"tag-news","16":"tag-notes-of-berlin"},"share_on_mastodon":{"url":"https:\/\/pubeurope.com\/@de\/115638821510534249","error":""},"_links":{"self":[{"href":"https:\/\/www.europesays.com\/de\/wp-json\/wp\/v2\/posts\/613345","targetHints":{"allow":["GET"]}}],"collection":[{"href":"https:\/\/www.europesays.com\/de\/wp-json\/wp\/v2\/posts"}],"about":[{"href":"https:\/\/www.europesays.com\/de\/wp-json\/wp\/v2\/types\/post"}],"author":[{"embeddable":true,"href":"https:\/\/www.europesays.com\/de\/wp-json\/wp\/v2\/users\/2"}],"replies":[{"embeddable":true,"href":"https:\/\/www.europesays.com\/de\/wp-json\/wp\/v2\/comments?post=613345"}],"version-history":[{"count":0,"href":"https:\/\/www.europesays.com\/de\/wp-json\/wp\/v2\/posts\/613345\/revisions"}],"wp:featuredmedia":[{"embeddable":true,"href":"https:\/\/www.europesays.com\/de\/wp-json\/wp\/v2\/media\/613346"}],"wp:attachment":[{"href":"https:\/\/www.europesays.com\/de\/wp-json\/wp\/v2\/media?parent=613345"}],"wp:term":[{"taxonomy":"category","embeddable":true,"href":"https:\/\/www.europesays.com\/de\/wp-json\/wp\/v2\/categories?post=613345"},{"taxonomy":"post_tag","embeddable":true,"href":"https:\/\/www.europesays.com\/de\/wp-json\/wp\/v2\/tags?post=613345"}],"curies":[{"name":"wp","href":"https:\/\/api.w.org\/{rel}","templated":true}]}}