{"id":613370,"date":"2025-11-30T13:26:15","date_gmt":"2025-11-30T13:26:15","guid":{"rendered":"https:\/\/www.europesays.com\/de\/613370\/"},"modified":"2025-11-30T13:26:15","modified_gmt":"2025-11-30T13:26:15","slug":"marokkaner-zieht-messer-auf-weihnachtsmarkt-in-weimar-regional","status":"publish","type":"post","link":"https:\/\/www.europesays.com\/de\/613370\/","title":{"rendered":"Marokkaner zieht Messer auf Weihnachtsmarkt in Weimar | Regional"},"content":{"rendered":"<p>Weimar (Th\u00fcringen) \u2013 <b>Erstes Adventswochenende auf dem Weihnachtsmarkt und schon der erste Zwischenfall: Ein Mann (29, Marokkaner) soll mehrere Menschen an der Schlittschuhbahn bel\u00e4stigt haben, dann zog er ein Messer.<\/b><\/p>\n<p>Zun\u00e4chst hatte ein Zeuge am Samstagabend in Weimar in <a href=\"https:\/\/www.bild.de\/regional\/thueringen\/thueringen-regional\/home-56970326.bild.html\" class=\"text-link\" rel=\"nofollow noopener\" target=\"_blank\">Th\u00fcringen<\/a> den Tatverd\u00e4chtigen beobachtet, wie er Personen an der ber\u00fchmten Eislauffl\u00e4che vor dem Nationaltheater bel\u00e4stigte. <\/p>\n<p><b>Daraufhin sprach er den Mann an, doch der reagierte aggressiv und bedrohte den Zeugen pl\u00f6tzlich mit einem Messer. Mehrere Besucher vom <\/b><a href=\"https:\/\/www.bild.de\/news\/weihnachtsmaerkte-eroeffnet-so-schoen-funkelt-die-adventszeit-692b23ed083002b549fa7399\" class=\"text-link\" rel=\"nofollow noopener\" target=\"_blank\"><b>Weihnachtsmarkt<\/b><\/a><b> bekamen das mit und mischten sich ein. Die Situation drohte zu eskalieren.<\/b><\/p>\n<p><img decoding=\"async\" width=\"992\" height=\"558\" alt=\"Gro\u00dfeinsatz am Weihnachtsmarkt in Weimar, nachdem ein Mann (29) mit einem Messer drohte\" src=\"https:\/\/www.europesays.com\/de\/wp-content\/uploads\/2025\/11\/38fe89f3739c8225c16b783d06c20647,fe96f08\"   class=\"landscape\" loading=\"lazy\"\/><\/p>\n<p class=\"fig__caption__text\">Gro\u00dfeinsatz in Weimar, nachdem ein Mann (29) auf dem Weihnachtsmarkt mit einem Messer drohte<\/p>\n<p>Foto: Johannes Krey<\/p>\n<p><b>Die Polizei wurde alarmiert, Ermittler best\u00e4tigten, was die entsetzten G\u00e4ste kurz zuvor erlebt hatten: \u201eIn dessen Verlauf zog der 29-J\u00e4hrige ein Messer, wodurch eine Bedrohungssituation entstand. Umstehende Besucher bemerkten das Geschehen und dr\u00e4ngten den Mann vom Weihnachtsmarktbereich ab. Beim Eintreffen der Polizei war die Lage zun\u00e4chst un\u00fcbersichtlich.\u201c<\/b><\/p>\n<p><img decoding=\"async\" width=\"992\" height=\"558\" alt=\"Ein Gro\u00dfaufgebot an Einsatzkr\u00e4ften war vor Ort\" src=\"https:\/\/www.europesays.com\/de\/wp-content\/uploads\/2025\/11\/9c95a7844132d3598b41ae5b64aeb318,2a42782e\"   class=\"landscape\" loading=\"lazy\"\/><\/p>\n<p class=\"fig__caption__text\">Ein Gro\u00dfaufgebot an Einsatzkr\u00e4ften war vor Ort<\/p>\n<p>Foto: Johannes Krey<\/p>\n<p>Mehr zum ThemaPolizei setzte Pfefferspray ein<\/p>\n<p>Das Handgemenge hatte sich mittlerweile in Richtung eines Imbisses an der Heinrich-Heine-Stra\u00dfe verlagert, der Mann drohte weiter mit einem Messer: \u201eIm Rahmen polizeilicher Einsatzma\u00dfnahmen konnte der 29-J\u00e4hrige \u00fcberw\u00e4ltigt und polizeilichem Gewahrsam zugef\u00fchrt werden. Hierbei wurden der Tatverd\u00e4chtige und drei weitere Personen durch den Einsatz von Pfefferspray leicht verletzt.\u201c Der Marokkaner wehrte sich massiv und musste fixiert werden.<\/p>\n<p>Spurensicherung r\u00fcckte am Weihnachtsmarkt an<\/p>\n<p>W\u00e4hrend des Einsatzes war die Stra\u00dfe f\u00fcr mehrere Stunden komplett gesperrt, die Spurensicherung r\u00fcckte an. Der Busverkehr war beeintr\u00e4chtigt.<\/p>\n<p><b>Zeugen werden gebeten, sich bei der Polizei zu melden: 03643\/8820.<\/b><\/p>\n","protected":false},"excerpt":{"rendered":"Weimar (Th\u00fcringen) \u2013 Erstes Adventswochenende auf dem Weihnachtsmarkt und schon der erste Zwischenfall: Ein Mann (29, Marokkaner) soll&hellip;\n","protected":false},"author":2,"featured_media":613371,"comment_status":"","ping_status":"","sticky":false,"template":"","format":"standard","meta":{"footnotes":""},"categories":[2],"tags":[29,30,1000,13,1981,14,15,121,12,1996,5089,45,10,8,9,11,8497,11556],"class_list":{"0":"post-613370","1":"post","2":"type-post","3":"status-publish","4":"format-standard","5":"has-post-thumbnail","7":"category-deutschland","8":"tag-deutschland","9":"tag-germany","10":"tag-gewalt","11":"tag-headlines","12":"tag-messer","13":"tag-nachrichten","14":"tag-news","15":"tag-polizei","16":"tag-schlagzeilen","17":"tag-straftaten","18":"tag-taeter","19":"tag-texttospeech","20":"tag-top-news","21":"tag-top-meldungen","22":"tag-topmeldungen","23":"tag-topnews","24":"tag-weihnachtsmarkt","25":"tag-weimar"},"share_on_mastodon":{"url":"https:\/\/pubeurope.com\/@de\/115638880760147517","error":""},"_links":{"self":[{"href":"https:\/\/www.europesays.com\/de\/wp-json\/wp\/v2\/posts\/613370","targetHints":{"allow":["GET"]}}],"collection":[{"href":"https:\/\/www.europesays.com\/de\/wp-json\/wp\/v2\/posts"}],"about":[{"href":"https:\/\/www.europesays.com\/de\/wp-json\/wp\/v2\/types\/post"}],"author":[{"embeddable":true,"href":"https:\/\/www.europesays.com\/de\/wp-json\/wp\/v2\/users\/2"}],"replies":[{"embeddable":true,"href":"https:\/\/www.europesays.com\/de\/wp-json\/wp\/v2\/comments?post=613370"}],"version-history":[{"count":0,"href":"https:\/\/www.europesays.com\/de\/wp-json\/wp\/v2\/posts\/613370\/revisions"}],"wp:featuredmedia":[{"embeddable":true,"href":"https:\/\/www.europesays.com\/de\/wp-json\/wp\/v2\/media\/613371"}],"wp:attachment":[{"href":"https:\/\/www.europesays.com\/de\/wp-json\/wp\/v2\/media?parent=613370"}],"wp:term":[{"taxonomy":"category","embeddable":true,"href":"https:\/\/www.europesays.com\/de\/wp-json\/wp\/v2\/categories?post=613370"},{"taxonomy":"post_tag","embeddable":true,"href":"https:\/\/www.europesays.com\/de\/wp-json\/wp\/v2\/tags?post=613370"}],"curies":[{"name":"wp","href":"https:\/\/api.w.org\/{rel}","templated":true}]}}