{"id":613520,"date":"2025-11-30T14:57:20","date_gmt":"2025-11-30T14:57:20","guid":{"rendered":"https:\/\/www.europesays.com\/de\/613520\/"},"modified":"2025-11-30T14:57:20","modified_gmt":"2025-11-30T14:57:20","slug":"leichte-preisrueckgaenge-in-sachsen-anhalt-im-november-2025","status":"publish","type":"post","link":"https:\/\/www.europesays.com\/de\/613520\/","title":{"rendered":"Leichte Preisr\u00fcckg\u00e4nge in Sachsen-Anhalt im November 2025"},"content":{"rendered":"<p><img decoding=\"async\" src=\"https:\/\/www.europesays.com\/de\/wp-content\/uploads\/2025\/11\/flugzeug-678x381.jpg\" alt=\"Passagierflugzeug\" title=\"flugzeug\"\/><br \/>\n\u00a9 H@llAnzeiger<\/p>\n<p><a href=\"https:\/\/www.hallanzeiger.de\/ein-geschenk-fuer-jeden-anlass\" target=\"_blank\" aria-label=\"juwelier_anzeige\" rel=\"nofollow noopener\"><img class=\"lazy lazy-hidden\" fetchpriority=\"high\" decoding=\"async\" data-lazy-type=\"image\" src=\"https:\/\/www.europesays.com\/de\/wp-content\/uploads\/2025\/11\/juwelier_anzeige.jpg\" alt=\"\"   width=\"690\" height=\"296\"\/><\/a><\/p>\n<p>Halle\/StatLa. Im November 2025 sind die Verbraucherpreise in Sachsen-Anhalt im Vergleich zum Oktober 2025 leicht um 0,2 % gesunken, teilt das Statistische Landesamt mit. Auch die Jahresteuerung stieg mit durchschnittlich 2,6 % weniger stark als in den Vormonaten. Damit sank der Verbraucherpreisindex im Erhebungsmonat November 2025 auf einen Stand von 124,2 (Basis 2020 = 100).<\/p>\n<p>Preisr\u00fcckg\u00e4nge<\/p>\n<p>Die gr\u00f6\u00dften Preisr\u00fcckg\u00e4nge zum Vormonat Oktober wurden im Bereich Freizeit, Unterhaltung und Kultur gemessen (-1,9 %). Insbesondere wurden hier Dienstleistungen rund um das Reisen g\u00fcnstiger angeboten. Demnach sanken die Preise f\u00fcr Personenbef\u00f6rderung im Luftverkehr (-14,2 %), Pauschalreisen (-11,5 %) sowie Personenbef\u00f6rderung im Schiffsverkehr (-3,6 %).<\/p>\n<p>Aber auch Spiele, Spielzeug und Hobbywaren wurden durchschnittlich 4,9 % g\u00fcnstiger verkauft.<\/p>\n<p>Weitere Preisr\u00fcckg\u00e4nge im Monatsvergleich wurden in den Gruppen M\u00f6bel, Leuchten, Ger\u00e4te u. a. Haushaltszubeh\u00f6r (-0,8 %) und Verkehr (-0,4 %) gemessen.<\/p>\n<p>Preissteigerungen<\/p>\n<p>Mit einer Entwicklung von 5,7 % stiegen die Preise im Bildungswesen im Jahresvergleich am st\u00e4rksten.<\/p>\n<p>Andere Waren und Dienstleistungen (u. a. Versicherungsdienstleistungen) wurden f\u00fcr Verbraucherinnen und Verbraucher im Jahresvergleich durchschnittlich 5,6 % teurer. Der Trend der letzten Monate im Bereich Nahrungsmittel und alkoholfreie Getr\u00e4nke setzte sich auch im November fort. An der Supermarktkasse wurden die Artikel im Schnitt 3,1 % teurer verkauft als im Vorjahresmonat.<\/p>\n<p>Die starken Preisentwicklungen wurden ged\u00e4mpft durch unterdurchschnittliche Preisentwicklungen bei der Gruppe Wohnung, Wasser, Strom, Gas und andere Brennstoffe (+1,5 %) sowie bei Artikeln der Gruppe Bekleidung und Schuhe, die mit einer Jahresteuerung von 0,1 % nahezu genau so viel kosteten wie im vergangenen Jahr.<\/p>\n","protected":false},"excerpt":{"rendered":"\u00a9 H@llAnzeiger Halle\/StatLa. Im November 2025 sind die Verbraucherpreise in Sachsen-Anhalt im Vergleich zum Oktober 2025 leicht um&hellip;\n","protected":false},"author":2,"featured_media":542091,"comment_status":"","ping_status":"","sticky":false,"template":"","format":"standard","meta":{"footnotes":""},"categories":[1860],"tags":[3364,29,548,663,3934,30,4062,17332,13,14,15,17331,860,12],"class_list":{"0":"post-613520","1":"post","2":"type-post","3":"status-publish","4":"format-standard","5":"has-post-thumbnail","7":"category-halle-saale","8":"tag-de","9":"tag-deutschland","10":"tag-eu","11":"tag-europa","12":"tag-europe","13":"tag-germany","14":"tag-halle","15":"tag-halle-saale","16":"tag-headlines","17":"tag-nachrichten","18":"tag-news","19":"tag-saale","20":"tag-sachsen-anhalt","21":"tag-schlagzeilen"},"share_on_mastodon":{"url":"https:\/\/pubeurope.com\/@de\/115639239068890818","error":""},"_links":{"self":[{"href":"https:\/\/www.europesays.com\/de\/wp-json\/wp\/v2\/posts\/613520","targetHints":{"allow":["GET"]}}],"collection":[{"href":"https:\/\/www.europesays.com\/de\/wp-json\/wp\/v2\/posts"}],"about":[{"href":"https:\/\/www.europesays.com\/de\/wp-json\/wp\/v2\/types\/post"}],"author":[{"embeddable":true,"href":"https:\/\/www.europesays.com\/de\/wp-json\/wp\/v2\/users\/2"}],"replies":[{"embeddable":true,"href":"https:\/\/www.europesays.com\/de\/wp-json\/wp\/v2\/comments?post=613520"}],"version-history":[{"count":0,"href":"https:\/\/www.europesays.com\/de\/wp-json\/wp\/v2\/posts\/613520\/revisions"}],"wp:featuredmedia":[{"embeddable":true,"href":"https:\/\/www.europesays.com\/de\/wp-json\/wp\/v2\/media\/542091"}],"wp:attachment":[{"href":"https:\/\/www.europesays.com\/de\/wp-json\/wp\/v2\/media?parent=613520"}],"wp:term":[{"taxonomy":"category","embeddable":true,"href":"https:\/\/www.europesays.com\/de\/wp-json\/wp\/v2\/categories?post=613520"},{"taxonomy":"post_tag","embeddable":true,"href":"https:\/\/www.europesays.com\/de\/wp-json\/wp\/v2\/tags?post=613520"}],"curies":[{"name":"wp","href":"https:\/\/api.w.org\/{rel}","templated":true}]}}