{"id":613927,"date":"2025-11-30T19:05:13","date_gmt":"2025-11-30T19:05:13","guid":{"rendered":"https:\/\/www.europesays.com\/de\/613927\/"},"modified":"2025-11-30T19:05:13","modified_gmt":"2025-11-30T19:05:13","slug":"ministerpraesidentenkonferenz-wuest-bund-muss-in-berlin-ausgeloeste-mehrkosten-finanzieren-wirtschaft","status":"publish","type":"post","link":"https:\/\/www.europesays.com\/de\/613927\/","title":{"rendered":"Ministerpr\u00e4sidentenkonferenz &#8211; W\u00fcst: Bund muss in Berlin ausgel\u00f6ste Mehrkosten finanzieren &#8211; Wirtschaft"},"content":{"rendered":"<p data-manual=\"paragraph\" data-schema-org-speakable=\"true\" class=\"css-1eosz7k\">Berlin (dpa) &#8211; Der Ministerpr\u00e4sident von <a href=\"https:\/\/www.sueddeutsche.de\/thema\/Nordrhein-Westfalen\" target=\"_blank\" rel=\"noopener\">Nordrhein-Westfalen<\/a>, Hendrik W\u00fcst, sieht den Bund in der Pflicht, Mehrkosten f\u00fcr in Berlin entstandene Gesetze zu tragen. Es gelte die Regel: \u201eWer bestellt, bezahlt; nennt sich Konnexit\u00e4tsprinzip\u201c, sagte der CDU-Politiker in der ARD-Sendung \u201eBericht aus Berlin\u201c. Wenn der Bund Aufgaben in Kommunen und L\u00e4ndern ausl\u00f6se, m\u00fcsse er auch f\u00fcr die Finanzierung geradestehen. \u201eIch m\u00f6chte, dass das Geschacher aufh\u00f6rt und die Streiterei zwischen Parlament, Regierung auf der einen und Bundesrat auf der anderen Seite\u201c, betonte W\u00fcst.\u00a0<\/p>\n<p data-manual=\"paragraph\" data-schema-org-speakable=\"true\" class=\"css-1eosz7k\">So h\u00e4tten die nordrhein-westf\u00e4lischen Kommunen in den letzten 30 Jahren 250 Milliarden Euro an Sozialleistungen gezahlt &#8211; alles durch Bundesgesetze ausgel\u00f6st. Die Wohngeldreform sei eine gute Reform gewesen, doch St\u00e4dte wie Essen, Dortmund oder K\u00f6ln h\u00e4tten Dutzende neue Leute einstellen m\u00fcssen. \u201eDas war ein Ding der Unm\u00f6glichkeit. Es ist im Chaos geendet\u201c, beklagte der Regierungschef von NRW.\u00a0<\/p>\n<p>Klingbeil erteilte L\u00e4nder-Forderungen eine Absage<\/p>\n<p data-manual=\"paragraph\" data-schema-org-speakable=\"true\" class=\"css-1eosz7k\">Bei der Ministerpr\u00e4sidentenkonferenz am Donnerstag (4. Dezember) wird es auch um Finanzen gehen. Bundesfinanzminister Lars Klingbeil (SPD) sah nach der Steuersch\u00e4tzung Ende Oktober allerdings keinen Spielraum daf\u00fcr, dass der Bund Einnahmeausf\u00e4lle der L\u00e4nder ausgleichen k\u00f6nnte.<\/p>\n<p data-manual=\"paragraph\" data-schema-org-speakable=\"true\" class=\"css-1eosz7k\">Die finanzielle Lage der Kommunen ist aus Sicht des Deutschen St\u00e4dtetags dramatisch. Pr\u00e4sident Burkhard Jung appellierte daher bereits an Bund und L\u00e4nder, bei der Ministerpr\u00e4sidentenkonferenz eine finanzielle Soforthilfe f\u00fcr St\u00e4dte und Gemeinden zu beschlie\u00dfen.<\/p>\n<p data-manual=\"paragraph\" data-schema-org-speakable=\"true\" class=\"css-1eosz7k\">\u00a9 dpa-infocom, dpa:251130-930-362649\/1<\/p>\n","protected":false},"excerpt":{"rendered":"Berlin (dpa) &#8211; Der Ministerpr\u00e4sident von Nordrhein-Westfalen, Hendrik W\u00fcst, sieht den Bund in der Pflicht, Mehrkosten f\u00fcr in&hellip;\n","protected":false},"author":2,"featured_media":613928,"comment_status":"","ping_status":"","sticky":false,"template":"","format":"standard","meta":{"footnotes":""},"categories":[1825],"tags":[296,3944,29,1721,666,30,1209,139,149,55],"class_list":{"0":"post-613927","1":"post","2":"type-post","3":"status-publish","4":"format-standard","5":"has-post-thumbnail","7":"category-berlin","8":"tag-berlin","9":"tag-bundeslaender","10":"tag-deutschland","11":"tag-finanzen","12":"tag-geld","13":"tag-germany","14":"tag-nordrhein-westfalen","15":"tag-regierung","16":"tag-sueddeutsche-zeitung","17":"tag-wirtschaft"},"share_on_mastodon":{"url":"https:\/\/pubeurope.com\/@de\/115640213478561631","error":""},"_links":{"self":[{"href":"https:\/\/www.europesays.com\/de\/wp-json\/wp\/v2\/posts\/613927","targetHints":{"allow":["GET"]}}],"collection":[{"href":"https:\/\/www.europesays.com\/de\/wp-json\/wp\/v2\/posts"}],"about":[{"href":"https:\/\/www.europesays.com\/de\/wp-json\/wp\/v2\/types\/post"}],"author":[{"embeddable":true,"href":"https:\/\/www.europesays.com\/de\/wp-json\/wp\/v2\/users\/2"}],"replies":[{"embeddable":true,"href":"https:\/\/www.europesays.com\/de\/wp-json\/wp\/v2\/comments?post=613927"}],"version-history":[{"count":0,"href":"https:\/\/www.europesays.com\/de\/wp-json\/wp\/v2\/posts\/613927\/revisions"}],"wp:featuredmedia":[{"embeddable":true,"href":"https:\/\/www.europesays.com\/de\/wp-json\/wp\/v2\/media\/613928"}],"wp:attachment":[{"href":"https:\/\/www.europesays.com\/de\/wp-json\/wp\/v2\/media?parent=613927"}],"wp:term":[{"taxonomy":"category","embeddable":true,"href":"https:\/\/www.europesays.com\/de\/wp-json\/wp\/v2\/categories?post=613927"},{"taxonomy":"post_tag","embeddable":true,"href":"https:\/\/www.europesays.com\/de\/wp-json\/wp\/v2\/tags?post=613927"}],"curies":[{"name":"wp","href":"https:\/\/api.w.org\/{rel}","templated":true}]}}