{"id":613933,"date":"2025-11-30T19:08:16","date_gmt":"2025-11-30T19:08:16","guid":{"rendered":"https:\/\/www.europesays.com\/de\/613933\/"},"modified":"2025-11-30T19:08:16","modified_gmt":"2025-11-30T19:08:16","slug":"mal-eben-die-welt-retten-axel-milberg-ueber-killer-konvois-und-konzerne","status":"publish","type":"post","link":"https:\/\/www.europesays.com\/de\/613933\/","title":{"rendered":"Mal eben die Welt retten?: Axel Milberg \u00fcber Killer, Konvois und Konzerne"},"content":{"rendered":"<p>Mal eben die Welt retten?Axel Milberg \u00fcber Killer, Konvois und Konzerne30.11.2025, 18:59 Uhr <a href=\"https:\/\/www.n-tv.de\/autoren\/Sabine-Oelmann-id4288083.html\" class=\"article-detail-head_author___bDMZ\" target=\"_blank\" rel=\"noopener\"><img decoding=\"async\" class=\"Image_img__fQCi0 Image_Img_1_1__Ei3jf\" loading=\"eager\" fetchpriority=\"high\" src=\"https:\/\/www.europesays.com\/de\/wp-content\/uploads\/2025\/11\/dff697a9-ec36-4d60-a8dd-b9e0363450ec.webp.webp\" alt=\"dff697a9-ec36-4d60-a8dd-b9e0363450ec\"\/>Sabine Oelmann<\/a><img decoding=\"async\" class=\"Image_img__fQCi0 Image_Img_16_9__4BLfH widget-picture-inline_maximizable__t_E7h\" loading=\"eager\" fetchpriority=\"high\" src=\"https:\/\/www.europesays.com\/de\/wp-content\/uploads\/2025\/11\/milberg by Rakete.webp.webp\" alt=\"milberg by Rakete\"\/>Glaubt an die Verf\u00fchrung und versucht, so &#8222;gr\u00fcn&#8220; wie m\u00f6glich zu sein: Axel Milberg. (Foto: Jim Rakete)TeilenFolgen auf:<a href=\"https:\/\/www.whatsapp.com\/channel\/0029Va5cdVJD8SDp5YZgYF01\" title=\"Auf WhatsApp folgen\" target=\"_blank\" rel=\"noopener\"><img decoding=\"async\" src=\"https:\/\/www.n-tv.de\/socialIcons\/whatsapp.svg\" alt=\"whatsapp\" class=\"ArticleShare_icon__FsrC2\"\/><\/a><a href=\"https:\/\/news.google.com\/publications\/CAAiEPMdif5mpRNxiLOeUpHCwwsqFAgKIhDzHYn-ZqUTcYiznlKRwsML?hl=de&amp;gl=DE&amp;ceid=DE%3Ade\" title=\"Auf Google News folgen\" target=\"_blank\" rel=\"noopener\"><img decoding=\"async\" src=\"https:\/\/www.n-tv.de\/socialIcons\/google.svg\" alt=\"whatsapp\" class=\"ArticleShare_icon__FsrC2\"\/><\/a><\/p>\n<p class=\"Typography_text-m__XI0da Typography_weight-bold__uT6mq storyline_lead_text_leadtext__q_wg8\">Axel Milberg spricht mit ntv.de \u00fcber einen Film von Investigativjournalist Daniel Harrich, in dem es um Gr\u00fcnen Stahl aus Brasilien und kriminelle Machenschaften geht, deren Spuren bis nach Deutschland reichen. <\/p>\n<p class=\"Typography_text-default__P3otY Typography_weight-normal__pqUbH storyline_paragraph_p__qSR5N\"><b class=\"bold\">ntv.de: Sie sind ein &#8222;normal-gr\u00fcner&#8220; Schauspieler, reisen mit der Bahn, fliegen nur in Ausnahmef\u00e4llen, vor allem nicht dann, wenn in Deutschland gedreht wird. Stimmt&#8217;s?<\/b><\/p>\n<p class=\"Typography_text-default__P3otY Typography_weight-normal__pqUbH storyline_paragraph_p__qSR5N\">Axel Milberg: Wenn wir \u00fcber &#8222;Gr\u00fcn&#8220; grunds\u00e4tzlich sprechen, werden alle Schauspieler, denke ich, \u00e4hnlich behutsam antworten, wie sie ihr Leben gestalten \u2026 <\/p>\n<p class=\"Typography_text-default__P3otY Typography_weight-normal__pqUbH storyline_paragraph_p__qSR5N\"><b class=\"bold\">&#8230; nat\u00fcrlich vorbildlich, \u2026 <\/b><\/p>\n<p class=\"Typography_text-default__P3otY Typography_weight-normal__pqUbH storyline_paragraph_p__qSR5N\">\u2026 im Rahmen des M\u00f6glichen, ja. Glaubhaft. Man sollte auf jeden Fall vorsichtig sein, vom Flughafen noch ein lustiges Abschieds-Selfie zu posten. Dazu kommt ja, dass sich st\u00fcndlich etwas \u00e4ndert. Was man darf, was man sollte, was man auf keinen Fall sollte, das ist m\u00fchsam. Aber zum Gl\u00fcck sind diese Themen, die Ergebnisse der Wissenschaft, l\u00e4ngst in der Mitte der Gesellschaft angekommen. Es wird heftig gerungen: Ist Bio aus dem Bioladen gleichauf mit Bio vom Supermarkt, ist das Ei f\u00fcr 68 Cent Demeter-Standard? Kann es das sein in der Masse? Immer ist alles verf\u00fcgbar, wie geht das? Dazu: wem glaube ich? Schlagzeilen und Instagram-Weisheiten eher nicht. E-Automobilit\u00e4t wird wohl am Ende auch nicht die Zukunft sein.<\/p>\n<p class=\"Typography_text-default__P3otY Typography_weight-normal__pqUbH storyline_paragraph_p__qSR5N\"><b class=\"bold\">Nach Ansicht vieler wahrscheinlich schon, nach Ansicht anderer nicht. <\/b><\/p>\n<p class=\"Typography_text-default__P3otY Typography_weight-normal__pqUbH storyline_paragraph_p__qSR5N\">Aber brauchen wir daf\u00fcr nicht ohne Ende Lithium, ebenso in den Iphones und Solaranlagen? Ich bin dennoch kein Fachmann, wie gesagt, es ist f\u00fcr niemanden einfach. <\/p>\n<p class=\"Typography_text-default__P3otY Typography_weight-normal__pqUbH storyline_paragraph_p__qSR5N\"><b class=\"bold\">Was haben die Gr\u00fcnen falsch gemacht? <\/b><\/p>\n<p class=\"Typography_text-default__P3otY Typography_weight-normal__pqUbH storyline_paragraph_p__qSR5N\">Die unglaublich schwierige Aufgabe ist, die notwendigen Ver\u00e4nderungen f\u00fcr die \u00f6kologischen Ziele gegen\u00fcber Einzelnen, Konzernen und Staaten so zu kommunizieren, dass Sie Einverst\u00e4ndnis erzielen und die Lust wecken, ein Teil dieser weltweiten Bewegung zu sein. Man hat alles versucht: Die Glaubw\u00fcrdigkeit wissenschaftlicher Messungen inklusive dramatischer Entwicklungen zu teilen, zu schmeicheln, zu verpacken, abzuholen, schlie\u00dflich zu drohen. Ich bin ratlos. Was bleibt, ist dennoch eine gro\u00dfe Anzahl von Menschen, die sich engagieren. Auch Konzerne. Man ist dabei, die gr\u00fcne Bewegung neu auszur\u00fcsten mit einer anderen angemessenen Sprache, mit Verf\u00fchrung, mit Einladungen, diese Dinge neu zu bewerten und Lust darauf zu haben, die Welt und unser Leben zu verbessern.<\/p>\n<p class=\"Typography_text-default__P3otY Typography_weight-normal__pqUbH storyline_paragraph_p__qSR5N\"> <b class=\"bold\">Apropos Welt verbessern &#8211; wir sprechen \u00fcber &#8222;Verschollen&#8220;, einen Film, in dem es um Gr\u00fcnen Stahl geht.<\/b> <\/p>\n<p class=\"Typography_text-default__P3otY Typography_weight-normal__pqUbH storyline_paragraph_p__qSR5N\">Ja, sehr gern. Mit Regisseur Daniel Harrich und ich haben bereits in vier oder f\u00fcnf Filmen zusammengearbeitet, es ging ihm um Themen wie Seltene Erden, illegale Waffenexporte, Wasser, das Oktoberfestattentat, in dem Fall die berechtigten Zweifel an der Alleint\u00e4tertheorie. Er macht alle diese Filme, um konkrete politische Ver\u00e4nderungen anzusto\u00dfen. Es kommt zu Anklagen, Gesetzes\u00e4nderungen, Imagesch\u00e4den f\u00fcr Gro\u00dfkonzerne. Daniel ist ein investigativer Journalist, kommt vom Dokumentarfilm. Es geht in unserem gemeinsamen Film um Gr\u00fcnen Stahl &#8211; in Brasilien hergestellt, in alle Welt exportiert &#8211; und er stie\u00df bei seinen Recherchen auf diese Geschichte aus Brasilien. Er dachte sofort, das ist eine unerz\u00e4hlte Geschichte, eine Filmhandlung. Die Bedrohung der indigenen Bev\u00f6lkerung im Cerrado-Urwald, der neben dem ber\u00fchmten Amazonas- Regenwald noch unerforscht ist, fruchtbar, grandiose Artenvielfalt, Wasserreserven, Lebensraum der indigenen Bev\u00f6lkerung. Nun pl\u00f6tzlich das brutale Abholzen, Anpflanzung von geklonten Monokulturen von Eukalyptusb\u00e4umen, die nach schnellem Wachstum verbrannt werden.<\/p>\n<p class=\"Typography_text-default__P3otY Typography_weight-normal__pqUbH storyline_paragraph_p__qSR5N\"><b class=\"bold\">Um? Das klingt unnat\u00fcrlich. <\/b><\/p>\n<p class=\"Typography_text-default__P3otY Typography_weight-normal__pqUbH storyline_paragraph_p__qSR5N\">Um die daraus gewonnene Holzkohle daf\u00fcr zu benutzen, Eisenerz zu Stahl zu schmelzen und dann als Gr\u00fcnen Stahl &#8211; als Stahl-Pallets &#8211; nach Nordamerika, Europa und so weiter zu verkaufen. Ein Milliardengesch\u00e4ft. Auch der Zertifizierungshandel als angeblicher Klima-Ausgleich &#8211; da bleiben gewaltige Sch\u00e4den zur\u00fcck. <\/p>\n<p class=\"Typography_text-default__P3otY Typography_weight-normal__pqUbH storyline_paragraph_p__qSR5N\"><b class=\"bold\">Sie sind nach Brasilien zum Drehen gereist, eine nicht ganz ungef\u00e4hrliche Angelegenheit, wie man h\u00f6rt \u2026 <\/b><\/p>\n<p class=\"Typography_text-default__P3otY Typography_weight-normal__pqUbH storyline_paragraph_p__qSR5N\">Genau. Ich spiele einen Ingenieur aus dem Schwarzwald, Klemens Stadler, suche meinen verschollenen Sohn, der dort ein Projekt finanziert von der Weltbank durchf\u00fchrt, in dem es darum geht, was mehr Co2 in der Erde bindet: Der Cerrado-Urwald, oder der Eukalyptus. Es geht auch um die Versteppung und Ver\u00f6dung der Erde, und um die Ermordung und Vertreibung der Indigenen, die dort leben und denen zum Teil Landr\u00e4uber mit gef\u00e4lschten Urkunden die gro\u00dfen Waldfl\u00e4chen streitig machen. <\/p>\n<p class=\"Typography_text-default__P3otY Typography_weight-normal__pqUbH storyline_paragraph_p__qSR5N\"><b class=\"bold\">Die mit Ihnen auch gedreht haben? <\/b><\/p>\n<p class=\"Typography_text-default__P3otY Typography_weight-normal__pqUbH storyline_paragraph_p__qSR5N\">Ja, die indigenen Familien. Ich kann sie nicht Statisten nennen, denn gewisserma\u00dfen waren wir das in ihrer Welt, die ihre Geschichte erz\u00e4hlen. Immerhin konnten sie dort an den gemeinsamen Drehtagen das feiern, was ihnen in der Wirklichkeit nicht m\u00f6glich ist &#8211; n\u00e4mlich den Feind zu besiegen.<\/p>\n<p class=\"Typography_text-default__P3otY Typography_weight-normal__pqUbH storyline_paragraph_p__qSR5N\"><b class=\"bold\">Ihr Team wurde auch als Feind betrachtet \u2026<\/b><\/p>\n<p class=\"Typography_text-default__P3otY Typography_weight-normal__pqUbH storyline_paragraph_p__qSR5N\">Wir fuhren immer im Konvoi, davon hatten immerhin einige Wagen das Aussehen eins Polizeifahrzeuges, wir hatten Dolmetscher dabei, und es gab einen Motorradfahrer, der um uns herumschwirrte und letztendlich als Killer identifiziert wurde; er trug ein T-Shirt mit einem Bild von John Lennon. Ich habe mit ihm gesprochen, er weinte, er wollte wohl eigentlich Schauspieler werden, hatte aber eine Pistole am G\u00fcrtel und hat am Telefon dar\u00fcber gesprochen, wie man unsere Leichen am besten &#8211; in Brenn\u00f6fen &#8211; entsorgen k\u00f6nnte. Wir brachen dann am n\u00e4chsten Morgen um 4.30 auf und fuhren weiter zum n\u00e4chsten Drehort, f\u00fcnf Fahrstunden entfernt. <\/p>\n<p class=\"Typography_text-default__P3otY Typography_weight-normal__pqUbH storyline_paragraph_p__qSR5N\"><b class=\"bold\">Wie unsicher f\u00fchlt man sich da? <\/b><\/p>\n<p class=\"Typography_text-default__P3otY Typography_weight-normal__pqUbH storyline_paragraph_p__qSR5N\">Wir haben diesen gewissen Schutz, als Europ\u00e4er, als Wei\u00dfe, als Gruppe, als Menschen, die in ihre andere Welt zur\u00fcckkehren werden, durch Politik und \u00d6ffentlichkeit gesch\u00fctzt. Immerhin &#8211; man wollte tats\u00e4chlich vorher mit uns &#8222;reden&#8220; hie\u00df es, und sie benutzten ihren &#8222;Chefe&#8220;, einen wei\u00dfen 1,98 Meter H\u00fcnen, der sowohl vom Polizeichef, vom Hotelbesitzer als auch vom B\u00fcrgermeister als Scheffe tituliert wurde, als Botschafter. Ein Mann, der unmissverst\u00e4ndlich klar machte, was Sache ist. Der Menschen, in dem Fall Indigene, mit gef\u00e4lschten Papieren von ihrem Land vertreibt, der sie zun\u00e4chst warnt, aber dann Gewalt anwendet. <\/p>\n<p class=\"Typography_text-default__P3otY Typography_weight-normal__pqUbH storyline_paragraph_p__qSR5N\"><b class=\"bold\">Zur\u00fcck zum Gr\u00fcnen Stahl, von dem man als Zertifikatbesitzer ja denkt, dass alles seine Ordnung hat.<\/b><\/p>\n<p class=\"Typography_text-default__P3otY Typography_weight-normal__pqUbH storyline_paragraph_p__qSR5N\">Das Schlimme ist, dieser Gr\u00fcne Stahl soll auch unbedingt verbaut werden, ob in Hamburg, Stuttgart oder Berlin. Der Zertifizierungshandel &#8211; der passiert im Namen des Umweltschutzes und der Nachhaltigkeit, ein Unding. Das zeigen wir in unserem Film, die Spuren f\u00fchren auch nach Deutschland. Die Weltbank investiert Millionen, und die wei\u00df nat\u00fcrlich nicht im Einzelnen, was mit ihren Projekten auf der Welt genau geschieht. <\/p>\n<p class=\"Typography_text-default__P3otY Typography_weight-normal__pqUbH storyline_paragraph_p__qSR5N\"><b class=\"bold\">Wieviel Hoffnung haben Sie f\u00fcr unsere Welt, f\u00fcr unsere Kinder? <\/b><\/p>\n<p class=\"Typography_text-default__P3otY Typography_weight-normal__pqUbH storyline_paragraph_p__qSR5N\">Es ist die Energie und der Mut Einzelner, was Anlass f\u00fcr Hoffnung gibt. Sehen Sie, Daniel Harrich zeigt ja, wieviel man mit einem kleinen Team erreichen kann. Er sucht au\u00dferhalb seines Senders und der Mediathek aktiv den Kontakt zu Podcastern, Influencern und Schulklassen. Ich w\u00e4re gl\u00fccklich, wenn ich w\u00fcsste, dass massive Anstrengungen in den Schulen unternommen w\u00fcrden, den Unterschied zwischen Fakten und L\u00fcgen zu erkl\u00e4ren. Dass Sch\u00fcler das erkennen k\u00f6nnen! Dass Plattformen KI kenntlich machen, dass Double-Checks Standard sind. Dass nur gesicherte Wahrheiten rausgehen. Dass Meinungen etwas anderes sind als Tatsachen. <\/p>\n<p class=\"Typography_text-default__P3otY Typography_weight-normal__pqUbH storyline_paragraph_p__qSR5N\"><b class=\"bold\">Medien und Privatmenschen tragen eine gro\u00dfe Verantwortung.<\/b> <\/p>\n<p class=\"Typography_text-default__P3otY Typography_weight-normal__pqUbH storyline_paragraph_p__qSR5N\">F\u00fcr uns selbst, ja! Aber das kann auch Spa\u00df machen!<\/p>\n<p class=\"Typography_text-default__P3otY Typography_weight-normal__pqUbH storyline_paragraph_p__qSR5N\">Mit Axel Milberg sprach Sabine Oelmann im Rahmen der<a class=\"inline_link\" rel=\"nofollow noopener\" href=\"https:\/\/www.greenactorslounge.com\/\" target=\"_blank\"> Green Actors Lounge<\/a>, einer Veranstaltung, die f\u00fcr nachhaltigen Wandel in der Film- und Medienwelt steht.<\/p>\n<p class=\"Typography_text-s__wu_cm Typography_weight-normal__pqUbH Typography_color-darkgrey__sZEnP article-detail-footer_source__KslPc\">Quelle: ntv.de<\/p>\n","protected":false},"excerpt":{"rendered":"Mal eben die Welt retten?Axel Milberg \u00fcber Killer, Konvois und Konzerne30.11.2025, 18:59 Uhr Sabine OelmannGlaubt an die Verf\u00fchrung&hellip;\n","protected":false},"author":2,"featured_media":613934,"comment_status":"","ping_status":"","sticky":false,"template":"","format":"standard","meta":{"footnotes":""},"categories":[1776],"tags":[5697,1801,29,214,92,30,3986,1802,55215,12031,215],"class_list":{"0":"post-613933","1":"post","2":"type-post","3":"status-publish","4":"format-standard","5":"has-post-thumbnail","7":"category-prominente","8":"tag-brasilien","9":"tag-celebrities","10":"tag-deutschland","11":"tag-entertainment","12":"tag-film","13":"tag-germany","14":"tag-handel","15":"tag-prominente","16":"tag-stahlbranche","17":"tag-umweltschutz","18":"tag-unterhaltung"},"share_on_mastodon":{"url":"https:\/\/pubeurope.com\/@de\/115640226793227936","error":""},"_links":{"self":[{"href":"https:\/\/www.europesays.com\/de\/wp-json\/wp\/v2\/posts\/613933","targetHints":{"allow":["GET"]}}],"collection":[{"href":"https:\/\/www.europesays.com\/de\/wp-json\/wp\/v2\/posts"}],"about":[{"href":"https:\/\/www.europesays.com\/de\/wp-json\/wp\/v2\/types\/post"}],"author":[{"embeddable":true,"href":"https:\/\/www.europesays.com\/de\/wp-json\/wp\/v2\/users\/2"}],"replies":[{"embeddable":true,"href":"https:\/\/www.europesays.com\/de\/wp-json\/wp\/v2\/comments?post=613933"}],"version-history":[{"count":0,"href":"https:\/\/www.europesays.com\/de\/wp-json\/wp\/v2\/posts\/613933\/revisions"}],"wp:featuredmedia":[{"embeddable":true,"href":"https:\/\/www.europesays.com\/de\/wp-json\/wp\/v2\/media\/613934"}],"wp:attachment":[{"href":"https:\/\/www.europesays.com\/de\/wp-json\/wp\/v2\/media?parent=613933"}],"wp:term":[{"taxonomy":"category","embeddable":true,"href":"https:\/\/www.europesays.com\/de\/wp-json\/wp\/v2\/categories?post=613933"},{"taxonomy":"post_tag","embeddable":true,"href":"https:\/\/www.europesays.com\/de\/wp-json\/wp\/v2\/tags?post=613933"}],"curies":[{"name":"wp","href":"https:\/\/api.w.org\/{rel}","templated":true}]}}