{"id":613980,"date":"2025-11-30T19:39:17","date_gmt":"2025-11-30T19:39:17","guid":{"rendered":"https:\/\/www.europesays.com\/de\/613980\/"},"modified":"2025-11-30T19:39:17","modified_gmt":"2025-11-30T19:39:17","slug":"muenster-ii-schlaegt-spvgg-erkenschwick-42","status":"publish","type":"post","link":"https:\/\/www.europesays.com\/de\/613980\/","title":{"rendered":"M\u00fcnster II schl\u00e4gt Spvgg. Erkenschwick 4:2"},"content":{"rendered":"<p>\t\tErkenschwicker Fehlstart entscheidet die Partie<br \/>\n\t\t\t\t\tSpvgg. verliert mit 2:4 gegen M\u00fcnster II<\/p>\n<p>\t\t\t\t<a class=\"article-author__name\" href=\"https:\/\/www.stimberg-zeitung.de\/author\/konrad-matuszczak\/\" rel=\"author noopener\" target=\"_blank\">Konrad Matuszczak<\/a><br \/>\n\t\tFreier Mitarbeiter<\/p>\n<p>    <a href=\"https:\/\/www.stimberg-zeitung.de\/wp-content\/uploads\/2025\/11\/30\/18\/630_0900_5409257_-1648x824.jpg\" target=\"_blank\" rel=\"noopener\"><\/p>\n<p>            <img loading=\"lazy\" decoding=\"async\" src=\"https:\/\/www.europesays.com\/de\/wp-content\/uploads\/2025\/11\/630_0900_5409138_-640x428.jpg\" width=\"640\" height=\"428\"  alt=\"\"\/><\/p>\n<p>    <\/a><br \/>\n    In diesem Fall hei\u00dft der Sieger mal Erkenschwick: Mike Jordan (M.) und Marius Lackmann behaupten den Ball gegen Preu\u00dfen-Kapit\u00e4n Luca Steinfeldt. \u00a9 Andreas von Sannowitz<\/p>\n<p class=\"article__teaser-text\">Mit 4:2 setzt sich Preu\u00dfen M\u00fcnster II auf der Jule-Ludorf-Sportanlage gegen die Spvgg. Erkenschwick durch. Trainer Nassir Malyar hadert vor allem mit der Anfangsphase.<\/p>\n<p>3 Min Lesezeit<\/p>\n<p>Spvgg. nach R\u00fcckstand st\u00e4rkerElfmeter sorgt nochmal f\u00fcr SpannungOberliga Westfalen: Spvgg. Erkenschwick \u2013 SC Preu\u00dfen M\u00fcnster II 2:4 (0:2)<\/p>\n","protected":false},"excerpt":{"rendered":"Erkenschwicker Fehlstart entscheidet die Partie Spvgg. verliert mit 2:4 gegen M\u00fcnster II Konrad Matuszczak Freier Mitarbeiter In diesem&hellip;\n","protected":false},"author":2,"featured_media":613981,"comment_status":"","ping_status":"","sticky":false,"template":"","format":"standard","meta":{"footnotes":""},"categories":[1843],"tags":[5580,3364,29,30,8970,1209,22969],"class_list":{"0":"post-613980","1":"post","2":"type-post","3":"status-publish","4":"format-standard","5":"has-post-thumbnail","7":"category-muenster","8":"tag-amateurfussball","9":"tag-de","10":"tag-deutschland","11":"tag-germany","12":"tag-muenster","13":"tag-nordrhein-westfalen","14":"tag-oberliga-westfalen"},"share_on_mastodon":{"url":"https:\/\/pubeurope.com\/@de\/115640348010152860","error":""},"_links":{"self":[{"href":"https:\/\/www.europesays.com\/de\/wp-json\/wp\/v2\/posts\/613980","targetHints":{"allow":["GET"]}}],"collection":[{"href":"https:\/\/www.europesays.com\/de\/wp-json\/wp\/v2\/posts"}],"about":[{"href":"https:\/\/www.europesays.com\/de\/wp-json\/wp\/v2\/types\/post"}],"author":[{"embeddable":true,"href":"https:\/\/www.europesays.com\/de\/wp-json\/wp\/v2\/users\/2"}],"replies":[{"embeddable":true,"href":"https:\/\/www.europesays.com\/de\/wp-json\/wp\/v2\/comments?post=613980"}],"version-history":[{"count":0,"href":"https:\/\/www.europesays.com\/de\/wp-json\/wp\/v2\/posts\/613980\/revisions"}],"wp:featuredmedia":[{"embeddable":true,"href":"https:\/\/www.europesays.com\/de\/wp-json\/wp\/v2\/media\/613981"}],"wp:attachment":[{"href":"https:\/\/www.europesays.com\/de\/wp-json\/wp\/v2\/media?parent=613980"}],"wp:term":[{"taxonomy":"category","embeddable":true,"href":"https:\/\/www.europesays.com\/de\/wp-json\/wp\/v2\/categories?post=613980"},{"taxonomy":"post_tag","embeddable":true,"href":"https:\/\/www.europesays.com\/de\/wp-json\/wp\/v2\/tags?post=613980"}],"curies":[{"name":"wp","href":"https:\/\/api.w.org\/{rel}","templated":true}]}}