{"id":613988,"date":"2025-11-30T19:44:18","date_gmt":"2025-11-30T19:44:18","guid":{"rendered":"https:\/\/www.europesays.com\/de\/613988\/"},"modified":"2025-11-30T19:44:18","modified_gmt":"2025-11-30T19:44:18","slug":"starker-cronenberger-sc-weist-auch-den-fk-jugoslavija-wuppertal-in-die-schranken","status":"publish","type":"post","link":"https:\/\/www.europesays.com\/de\/613988\/","title":{"rendered":"Starker Cronenberger SC weist auch den FK Jugoslavija Wuppertal in die Schranken"},"content":{"rendered":"<p class=\"text_ohne_einzug richtext text-em-55 !leading-serif mx-6 desktop:mx-0\"><strong class=\"font-bold dark:text-white-solid\">Cronenberger SC \u2013 FK Jugoslavija Wuppertal 3:1 (0:1).<\/strong> Die jungen Wilden des Cronenberger SC haben am Sonntagnachmittag das letzte Wuppertaler Bezirksliga-Derby des Jahres 2025 nach einer b\u00e4renstarken zweiten Halbzeit verdient f\u00fcr sich entscheiden k\u00f6nnen. F\u00fcr die Mannschaft von Trainer Samir El Hajjaj bedeutete der 3:1 (0:1)-Derbyerfolg gegen den FK Jugoslavija Wuppertal bereits den f\u00fcnften Sieg aus den letzten sechs Partien und damit den Sprung auf Rang sechs.<\/p>\n","protected":false},"excerpt":{"rendered":"Cronenberger SC \u2013 FK Jugoslavija Wuppertal 3:1 (0:1). Die jungen Wilden des Cronenberger SC haben am Sonntagnachmittag das&hellip;\n","protected":false},"author":2,"featured_media":613989,"comment_status":"","ping_status":"","sticky":false,"template":"","format":"standard","meta":{"footnotes":""},"categories":[1840],"tags":[13056,35508,35507,3364,5098,145735,145734,29,30,145733,20570,20565,1209,25279,145736,90505,6963,4418,18312],"class_list":{"0":"post-613988","1":"post","2":"type-post","3":"status-publish","4":"format-standard","5":"has-post-thumbnail","7":"category-wuppertal","8":"tag-13056","9":"tag-cronenberger","10":"tag-csc","11":"tag-de","12":"tag-derby","13":"tag-derbyerfolg","14":"tag-derbysieger","15":"tag-deutschland","16":"tag-germany","17":"tag-hajjaj","18":"tag-jugos","19":"tag-jugoslavija","20":"tag-nordrhein-westfalen","21":"tag-pause","22":"tag-pausenansprache","23":"tag-samir","24":"tag-sieg","25":"tag-wuppertal","26":"tag-zweiten"},"share_on_mastodon":{"url":"https:\/\/pubeurope.com\/@de\/115640366677539604","error":""},"_links":{"self":[{"href":"https:\/\/www.europesays.com\/de\/wp-json\/wp\/v2\/posts\/613988","targetHints":{"allow":["GET"]}}],"collection":[{"href":"https:\/\/www.europesays.com\/de\/wp-json\/wp\/v2\/posts"}],"about":[{"href":"https:\/\/www.europesays.com\/de\/wp-json\/wp\/v2\/types\/post"}],"author":[{"embeddable":true,"href":"https:\/\/www.europesays.com\/de\/wp-json\/wp\/v2\/users\/2"}],"replies":[{"embeddable":true,"href":"https:\/\/www.europesays.com\/de\/wp-json\/wp\/v2\/comments?post=613988"}],"version-history":[{"count":0,"href":"https:\/\/www.europesays.com\/de\/wp-json\/wp\/v2\/posts\/613988\/revisions"}],"wp:featuredmedia":[{"embeddable":true,"href":"https:\/\/www.europesays.com\/de\/wp-json\/wp\/v2\/media\/613989"}],"wp:attachment":[{"href":"https:\/\/www.europesays.com\/de\/wp-json\/wp\/v2\/media?parent=613988"}],"wp:term":[{"taxonomy":"category","embeddable":true,"href":"https:\/\/www.europesays.com\/de\/wp-json\/wp\/v2\/categories?post=613988"},{"taxonomy":"post_tag","embeddable":true,"href":"https:\/\/www.europesays.com\/de\/wp-json\/wp\/v2\/tags?post=613988"}],"curies":[{"name":"wp","href":"https:\/\/api.w.org\/{rel}","templated":true}]}}