{"id":614329,"date":"2025-11-30T23:21:24","date_gmt":"2025-11-30T23:21:24","guid":{"rendered":"https:\/\/www.europesays.com\/de\/614329\/"},"modified":"2025-11-30T23:21:24","modified_gmt":"2025-11-30T23:21:24","slug":"21-spd-ehrenamtspreis-spd-duesseldorf-ehrt-menschen-die-unsere-stadt-zusammenhalten","status":"publish","type":"post","link":"https:\/\/www.europesays.com\/de\/614329\/","title":{"rendered":"21. SPD-Ehrenamtspreis: SPD D\u00fcsseldorf ehrt Menschen, die unsere Stadt zusammenhalten"},"content":{"rendered":"<p>            <a href=\"https:\/\/lokalklick.eu\/wp-content\/uploads\/2025\/11\/D_Ehrenamtspreis-2025.jpg\" data-caption=\"(Foto: SPD D\u00fcsseldorf \/ Michael Breuer)\" rel=\"nofollow noopener\" target=\"_blank\"><img loading=\"lazy\" decoding=\"async\" width=\"696\" height=\"388\" class=\"entry-thumb td-modal-image\" src=\"https:\/\/www.europesays.com\/de\/wp-content\/uploads\/2025\/11\/D_Ehrenamtspreis-2025-696x388.jpg\"   alt=\"\" title=\"D_Ehrenamtspreis 2025\"\/><\/a>(Foto: SPD D\u00fcsseldorf \/ Michael Breuer)<br \/>\n            Anzeigen<a href=\"https:\/\/www.st-augustinus-kliniken.de\/\" target=\"_blank\" rel=\"nofollow noopener\"><img decoding=\"async\" src=\"https:\/\/www.europesays.com\/de\/wp-content\/uploads\/2025\/11\/221124-Banner-Advent-2184x810-TR-V01-RZ.jpg\"\/><\/a><\/p>\n<p><\/p>\n<p><a href=\"https:\/\/www.rugana.de\/de\/Mecklenburg-Vorpommern\/Insel.Ruegen\/D41\" target=\"_blank\" rel=\"nofollow noopener\"><img decoding=\"async\" src=\"https:\/\/www.europesays.com\/de\/wp-content\/uploads\/2025\/04\/FeWo-Dranske-2-1456.jpg\"\/><\/a><\/p>\n<p><\/p>\n<p><strong>D\u00fcsseldorf. <\/strong>Mit dem 21. SPD-Ehrenamtspreis hat die SPD D\u00fcsseldorf am Sonntag, 23. November Menschen, Projekte und Initiativen ausgezeichnet, die mit gro\u00dfem Einsatz f\u00fcr das Gemeinwohl wirken und den gesellschaftlichen Zusammenhalt in unserer Stadt st\u00e4rken. Die feierliche Verleihung fand im Johannes-Rau-Haus statt \u2013 mit zahlreichen G\u00e4sten aus Stadtgesellschaft, Politik, Kultur, Sport und Medien.<\/p>\n<p>\u201eMit dem Ehrenamtspreis sagen wir Danke \u2013 an all jene, die D\u00fcsseldorf zusammenhalten. Ob in Vereinen, Initiativen oder Projekten: Ihr Engagement macht unsere Stadt w\u00e4rmer, gerechter und solidarischer\u201c, sagte <strong>Marie Kirschstein<\/strong>, Mitglied des Vorstands der SPD D\u00fcsseldorf. \u201eGerade in Zeiten, in denen sich viele zur\u00fcckziehen oder verunsichert sind, braucht es Menschen, die Verantwortung \u00fcbernehmen, sich k\u00fcmmern und anpacken. Sie zeigen, dass Gemeinschaft auch in einer Gro\u00dfstadt wie D\u00fcsseldorf funktioniert, wenn man sie lebt.\u201c<\/p>\n<p><strong>Die Preistr\u00e4ger:innen 2025<\/strong><\/p>\n<p>In vier Kategorien wurden D\u00fcsseldorferinnen und D\u00fcsseldorfer ausgezeichnet, die sich in besonderer Weise f\u00fcr andere einsetzen.<\/p>\n<p><strong>Kategorie \u201eGemeinwohl\u201c<\/strong><\/p>\n<p><strong>Repair Caf\u00e9 Rath<br \/><\/strong>Das Repair Caf\u00e9 Rath wird ausgezeichnet, weil es Nachbarschaft, Nachhaltigkeit und Solidarit\u00e4t auf besondere Weise verbindet. Die freiwilligen Helfer:innen reparieren nicht nur Gegenst\u00e4nde, sondern schaffen einen Ort der Begegnung, an dem Menschen sich gegenseitig unterst\u00fctzen, Wissen teilen und Ressourcen schonen. Damit st\u00e4rkt das Projekt ganz konkret den Zusammenhalt im Stadtteil \u2013 und zeigt, wie b\u00fcrgerschaftliches Engagement zu einer sozialeren und \u00f6kologischeren Stadt beitr\u00e4gt.<\/p>\n<p><strong>Kategorie \u201eVorbildliches Engagement f\u00fcr junge Menschen\u201c<\/strong><\/p>\n<p><strong>Tobias Brodda<\/strong> (Vorsitzender SG ART Giants D\u00fcsseldorf)<br \/>Tobias Brodda erh\u00e4lt den Preis, weil er mit gro\u00dfem pers\u00f6nlichem Einsatz jungen Menschen den Zugang zu Sport, Teamgeist und fairen Chancen erm\u00f6glicht. Unter seiner F\u00fchrung w\u00e4chst die Jugendarbeit der ART Giants kontinuierlich, wird professioneller und inklusiver \u2013 und bietet Kindern und Jugendlichen sichere R\u00e4ume, in denen sie sich entwickeln, Verantwortung \u00fcbernehmen und Erfolgserlebnisse sammeln k\u00f6nnen. Besonders hervorzuheben ist, dass Tobias dieses Engagement <strong>neben seinem Vollzeitjob<\/strong> leistet \u2013 eine Leistung, die alles andere als selbstverst\u00e4ndlich ist. Sein Einsatz wirkt weit \u00fcber den Verein hinaus und macht ihn zu einem Vorbild f\u00fcr junge Menschen in D\u00fcsseldorf.<\/p>\n<p><strong>Kategorie \u201eVerdienste um ein lebenswertes und vielf\u00e4ltiges D\u00fcsseldorf\u201c<\/strong><\/p>\n<p><strong>\u201eLeihomas und Leihopas\u201c<br \/><\/strong>Mit dem Projekt \u201eLeihomas und Leihopas\u201c schaffen B\u00fcrger:innen organisiert \u00fcber das Jugendamt generationen\u00fcbergreifende Verbindungen, die unsere Stadt menschlicher und vielf\u00e4ltiger machen. Sie bringen Familien und Senior:innen zusammen, f\u00f6rdern gegenseitige Unterst\u00fctzung und erm\u00f6glichen wertvolle Beziehungen, die im Alltag oft fehlen. Gerade in einer Gro\u00dfstadt wie D\u00fcsseldorf, in der nachbarschaftliche N\u00e4he und Mehrgenerationenstrukturen h\u00e4ufig zu kurz kommen \u2013 w\u00e4hrend sie im l\u00e4ndlichen Raum selbstverst\u00e4ndlich sind \u2013, schlie\u00dfen sie eine wichtige L\u00fccke. Ihr Projekt zeigt, wie W\u00e4rme, Verl\u00e4sslichkeit und Gemeinschaft auch im urbanen Raum neu entstehen k\u00f6nnen.<\/p>\n<p><strong>Kategorie \u201eGesellschaftspolitik\u201c<\/strong><\/p>\n<p><strong>Team Barrierefrei Fortuna D\u00fcsseldorf 1895 e.V. und Betty Nowag, Fanbeauftragte f\u00fcr Menschen mit Behinderung<br \/><\/strong>Das Team Barrierefrei von Fortuna D\u00fcsseldorf wird ausgezeichnet, weil es sich mit au\u00dfergew\u00f6hnlichem Engagement f\u00fcr Teilhabe, Sichtbarkeit und Gleichberechtigung von Menschen mit Behinderungen einsetzt. Die Gruppe k\u00e4mpft unerm\u00fcdlich daf\u00fcr, dass Fu\u00dfball und Vereinsleben f\u00fcr alle zug\u00e4nglich sind \u2013 ob im Stadion, in der Organisation oder im Alltag des Vereins. Ihr Einsatz ver\u00e4ndert Strukturen, sensibilisiert f\u00fcr Barrieren und zeigt, wie gesellschaftlicher Zusammenhalt aktiv gestaltet werden kann.<\/p>\n<p><strong>Stimmen und Eindr\u00fccke<\/strong><\/p>\n<p>Als Laudator:innen w\u00fcrdigten <strong>Klaudia Zepuntke<\/strong> (B\u00fcrgermeisterin a.D.), <strong>Tanja Gr\u00f6pper<\/strong> (paralympische Schwimmerin), <strong>Jessica Worrings<\/strong> (Vorsitzende IG Metall D\u00fcsseldorf), <strong>Ludwig Krause<\/strong> (Leitender Regionalredakteur D\u00fcsseldorf) und <strong>Sascha F\u00f6rster<\/strong> (Leiter des Theatermuseums D\u00fcsseldorf) die Preistr\u00e4ger:innen und ihr Engagement.<\/p>\n<p>Sie machten deutlich, dass freiwilliges Engagement unverzichtbar f\u00fcr das Miteinander in einer vielf\u00e4ltigen Stadt ist \u2013 und dass es die Orte, an denen Menschen sich begegnen, miteinander reden und Verantwortung f\u00fcreinander \u00fcbernehmen, immer wieder neu zu st\u00e4rken gilt.<\/p>\n<p>Im Anschluss an die Preisverleihung nutzten viele G\u00e4ste die Gelegenheit, beim gemeinsamen Imbiss miteinander ins Gespr\u00e4ch zu kommen.<\/p>\n","protected":false},"excerpt":{"rendered":"(Foto: SPD D\u00fcsseldorf \/ Michael Breuer) Anzeigen D\u00fcsseldorf. Mit dem 21. SPD-Ehrenamtspreis hat die SPD D\u00fcsseldorf am Sonntag,&hellip;\n","protected":false},"author":2,"featured_media":614330,"comment_status":"","ping_status":"","sticky":false,"template":"","format":"standard","meta":{"footnotes":""},"categories":[1831],"tags":[3364,29,3405,30,1209],"class_list":{"0":"post-614329","1":"post","2":"type-post","3":"status-publish","4":"format-standard","5":"has-post-thumbnail","7":"category-duesseldorf","8":"tag-de","9":"tag-deutschland","10":"tag-duesseldorf","11":"tag-germany","12":"tag-nordrhein-westfalen"},"share_on_mastodon":{"url":"https:\/\/pubeurope.com\/@de\/115641221415641078","error":""},"_links":{"self":[{"href":"https:\/\/www.europesays.com\/de\/wp-json\/wp\/v2\/posts\/614329","targetHints":{"allow":["GET"]}}],"collection":[{"href":"https:\/\/www.europesays.com\/de\/wp-json\/wp\/v2\/posts"}],"about":[{"href":"https:\/\/www.europesays.com\/de\/wp-json\/wp\/v2\/types\/post"}],"author":[{"embeddable":true,"href":"https:\/\/www.europesays.com\/de\/wp-json\/wp\/v2\/users\/2"}],"replies":[{"embeddable":true,"href":"https:\/\/www.europesays.com\/de\/wp-json\/wp\/v2\/comments?post=614329"}],"version-history":[{"count":0,"href":"https:\/\/www.europesays.com\/de\/wp-json\/wp\/v2\/posts\/614329\/revisions"}],"wp:featuredmedia":[{"embeddable":true,"href":"https:\/\/www.europesays.com\/de\/wp-json\/wp\/v2\/media\/614330"}],"wp:attachment":[{"href":"https:\/\/www.europesays.com\/de\/wp-json\/wp\/v2\/media?parent=614329"}],"wp:term":[{"taxonomy":"category","embeddable":true,"href":"https:\/\/www.europesays.com\/de\/wp-json\/wp\/v2\/categories?post=614329"},{"taxonomy":"post_tag","embeddable":true,"href":"https:\/\/www.europesays.com\/de\/wp-json\/wp\/v2\/tags?post=614329"}],"curies":[{"name":"wp","href":"https:\/\/api.w.org\/{rel}","templated":true}]}}