{"id":614424,"date":"2025-12-01T00:18:16","date_gmt":"2025-12-01T00:18:16","guid":{"rendered":"https:\/\/www.europesays.com\/de\/614424\/"},"modified":"2025-12-01T00:18:16","modified_gmt":"2025-12-01T00:18:16","slug":"trump-gute-chance-auf-abkommen-zwischen-russland-und-der-ukraine","status":"publish","type":"post","link":"https:\/\/www.europesays.com\/de\/614424\/","title":{"rendered":"Trump: &#8222;Gute Chance&#8220; auf Abkommen zwischen Russland und der Ukraine"},"content":{"rendered":"<p>      Trump: &#8222;Gute Chance&#8220; auf Abkommen zwischen Russland und der Ukraine<\/p>\n<p>            Kopiere den aktuellen Link<\/p>\n<p>          Zur Merkliste hinzuf\u00fcgen<\/p>\n<p>Nach den j\u00fcngsten Gespr\u00e4chen zwischen ukrainischen und US-Unterh\u00e4ndlern im US-Bundesstaat Florida stehen die Chancen auf ein Abkommen im Ukraine-Krieg nach der Auffassung von US-Pr\u00e4sident Donald Trump gut. &#8222;Ich denke, es gibt eine gute Chance, dass wir einen Deal machen k\u00f6nnen&#8220;, sagte Trump am Sonntag an Bord der Pr\u00e4sidentenmaschine Air Force One vor Journalisten.\u00a0<\/p>\n<p class=\"typo-body-sc-md is-initial\">Zugleich kritisierte Trump den derzeit die <a class=\"taxonomy-entity place\" data-target-type=\"article\" href=\"https:\/\/www.stern.de\/politik\/ausland\/themen\/ukraine-4540764.html\" rel=\"nofollow noopener\" target=\"_blank\">Ukraine<\/a> ersch\u00fctternden Korruptionsskandal um den zur\u00fcckgetretenen Pr\u00e4sidialamtschef Andrij Jermak. &#8222;Die Ukraine hat ein paar schwierige, kleine Probleme, die nicht gerade helfen&#8220;, sagte der US-Pr\u00e4sident. Die Aff\u00e4re um seinen engsten Berater setzt den ukrainischen Pr\u00e4sidenten Wolodymyr Selenskyj innenpolitisch massiv unter Druck, Experten zufolge d\u00fcrfte sie au\u00dfenpolitisch die Verhandlungsposition der Ukraine schw\u00e4chen.<\/p>\n<p class=\"typo-body-sc-md\">Nach den Gespr\u00e4chen in <a class=\"taxonomy-entity place\" data-target-type=\"article\" href=\"https:\/\/www.stern.de\/politik\/ausland\/themen\/florida-4193198.html\" rel=\"nofollow noopener\" target=\"_blank\">Florida<\/a> hatte US-Au\u00dfenminister Marco Rubio von einer &#8222;sehr produktiven&#8220; Sitzung gesprochen, zugleich aber die Notwendigkeit weiterer Verhandlungen unterstrichen. Der ukrainische Chefunterh\u00e4ndler Rustem Umerow nannte die Gespr\u00e4che &#8222;produktiv und erfolgreich&#8220;. Selenskyj erkl\u00e4rte nach Abschluss des Treffens im Onlinedienst X, es sei wichtig, &#8222;dass die Gespr\u00e4che eine konstruktive Dynamik haben und alle Themen offen und mit einem klaren Fokus darauf, dass die Souver\u00e4nit\u00e4t und nationalen Interessen der Ukraine sichergestellt werden, diskutiert wurden.&#8220;<\/p>\n<p class=\"typo-body-sc-md\">Der im Mittelpunkt der Gespr\u00e4che stehende US-Plan f\u00fcr ein Ende des Ukraine-Kriegs war in seiner urspr\u00fcnglichen Fassung weithin als \u00e4u\u00dferst vorteilhaft f\u00fcr <a class=\"taxonomy-entity place\" data-target-type=\"article\" href=\"https:\/\/www.stern.de\/politik\/ausland\/themen\/russland-4155004.html\" rel=\"nofollow noopener\" target=\"_blank\">Russland<\/a> beurteilt worden. So sollte Kiew nicht nur die von Russland besetzten Gebiete im Osten des Landes abtreten, sondern auch noch nicht eroberte Regionen. Zudem sollte die Ukraine auf eine Nato-Mitgliedschaft verzichten und ihre Streitkr\u00e4fte stark verkleinern.<\/p>\n<p class=\"typo-body-sc-md\">Bei Gespr\u00e4chen im schweizerischen Genf, an denen auch Vertreter europ\u00e4ischer Staaten beteiligt waren, wurde der Plan dann zugunsten der Ukraine \u00fcberarbeitet &#8211; nun gibt es eine 20-Punkte-Fassung.\u00a0Kreml-<a class=\"taxonomy-entity keyword\" data-target-type=\"article\" href=\"https:\/\/www.stern.de\/kultur\/themen\/chef-35264492.html\" rel=\"nofollow noopener\" target=\"_blank\">Chef<\/a> Wladimir Putin hatte diese \u00fcberarbeitete Fassung am Freitag als m\u00f6gliche &#8222;Grundlage f\u00fcr zuk\u00fcnftige Vereinbarungen&#8220; bezeichnet. Moskau beharrt aber auf dem R\u00fcckzug der ukrainischen Armee aus den von Russland beanspruchten Gebieten.\u00a0<\/p>\n<p class=\"typo-body-sc-md\">Die Gespr\u00e4che am Sonntag in Florida markierten den Auftakt einer neuen Woche intensiver diplomatischer Bem\u00fchungen. <a class=\"\" data-target-type=\"article\" href=\"https:\/\/www.stern.de\/panorama\/weltgeschehen\/themen\/wolodymyr-selenskyj-8667188.html\" rel=\"nofollow noopener\" target=\"_blank\">Selenskyj<\/a> wird am Montag vom franz\u00f6sischen Pr\u00e4sidenten Emmanuel Macron in Paris empfangen, um \u00fcber den US-Plan zu beraten. Der US-Sondergesandte Witkoff reist nach Angaben aus US-Regierungskreisen am Montag nach Moskau, um mit Putin \u00fcber den Ukraine-Plan zu sprechen. In den kommenden Tagen will zudem US-Verteidigungsstaatssekret\u00e4r Dan Driscoll nach Kiew reisen.\u00a0<\/p>\n<p>\n    AFP\n  <\/p>\n","protected":false},"excerpt":{"rendered":"Trump: &#8222;Gute Chance&#8220; auf Abkommen zwischen Russland und der Ukraine Kopiere den aktuellen Link Zur Merkliste hinzuf\u00fcgen Nach&hellip;\n","protected":false},"author":2,"featured_media":614425,"comment_status":"","ping_status":"","sticky":false,"template":"","format":"standard","meta":{"footnotes":""},"categories":[4013],"tags":[331,332,13,14,15,4043,4044,850,307,12],"class_list":{"0":"post-614424","1":"post","2":"type-post","3":"status-publish","4":"format-standard","5":"has-post-thumbnail","7":"category-russland","8":"tag-aktuelle-nachrichten","9":"tag-aktuelle-news","10":"tag-headlines","11":"tag-nachrichten","12":"tag-news","13":"tag-russia","14":"tag-russian-federation","15":"tag-russische-foederation","16":"tag-russland","17":"tag-schlagzeilen"},"share_on_mastodon":{"url":"https:\/\/pubeurope.com\/@de\/115641444225815321","error":""},"_links":{"self":[{"href":"https:\/\/www.europesays.com\/de\/wp-json\/wp\/v2\/posts\/614424","targetHints":{"allow":["GET"]}}],"collection":[{"href":"https:\/\/www.europesays.com\/de\/wp-json\/wp\/v2\/posts"}],"about":[{"href":"https:\/\/www.europesays.com\/de\/wp-json\/wp\/v2\/types\/post"}],"author":[{"embeddable":true,"href":"https:\/\/www.europesays.com\/de\/wp-json\/wp\/v2\/users\/2"}],"replies":[{"embeddable":true,"href":"https:\/\/www.europesays.com\/de\/wp-json\/wp\/v2\/comments?post=614424"}],"version-history":[{"count":0,"href":"https:\/\/www.europesays.com\/de\/wp-json\/wp\/v2\/posts\/614424\/revisions"}],"wp:featuredmedia":[{"embeddable":true,"href":"https:\/\/www.europesays.com\/de\/wp-json\/wp\/v2\/media\/614425"}],"wp:attachment":[{"href":"https:\/\/www.europesays.com\/de\/wp-json\/wp\/v2\/media?parent=614424"}],"wp:term":[{"taxonomy":"category","embeddable":true,"href":"https:\/\/www.europesays.com\/de\/wp-json\/wp\/v2\/categories?post=614424"},{"taxonomy":"post_tag","embeddable":true,"href":"https:\/\/www.europesays.com\/de\/wp-json\/wp\/v2\/tags?post=614424"}],"curies":[{"name":"wp","href":"https:\/\/api.w.org\/{rel}","templated":true}]}}