{"id":614426,"date":"2025-12-01T00:19:19","date_gmt":"2025-12-01T00:19:19","guid":{"rendered":"https:\/\/www.europesays.com\/de\/614426\/"},"modified":"2025-12-01T00:19:19","modified_gmt":"2025-12-01T00:19:19","slug":"zufriedenheit-nach-gespraechen-zwischen-delegationen-aus-washington-und-kiew-in-florida","status":"publish","type":"post","link":"https:\/\/www.europesays.com\/de\/614426\/","title":{"rendered":"Zufriedenheit nach Gespr\u00e4chen zwischen Delegationen aus Washington und Kiew in Florida"},"content":{"rendered":"<p>                    <img decoding=\"async\" loading=\"lazy\" class=\"internal-image\" title=\"Das Foto zeigt die Delegationen der USA und der Ukraine bei Gespr\u00e4che in Florida - mit US-Au\u00dfenminister Rubio (Mitte links) und dem ukrainischen Delegationsleiter Umerow.\" alt=\"Das Foto zeigt die Delegationen der USA und der Ukraine bei Gespr\u00e4che in Florida - mit US-Au\u00dfenminister Rubio (Mitte links) und dem ukrainischen Delegationsleiter Umerow.\" src=\"https:\/\/www.europesays.com\/de\/wp-content\/uploads\/2025\/11\/florida-beratungen-ukraine-100-1920x1080.jpg\" \/><\/p>\n<p>                  Spitzengespr\u00e4che zwischen USA und Ukraine (AFP \/ CHANDAN KHANNA)<\/p>\n<p>Diese seien &#8222;sehr produktiv&#8220; gewesen, sagte Rubio in Hallandale Beach. Es bleibe jedoch noch Arbeit, um den Krieg in der Ukraine zu beenden. Der Au\u00dfenminister betonte, dass Moskau einbezogen werden m\u00fcsse. Die Gespr\u00e4che w\u00fcrden im Laufe der Woche fortgesetzt, wenn der US-Sondergesandte Witkoff nach Moskau reise. Man sei bereits mit der russischen Seite in Kontakt und habe ein &#8222;ziemlich gutes Verst\u00e4ndnis&#8220; von deren Ansichten, erkl\u00e4rte Rubio weiter.<\/p>\n<p>Gestern hatte der ukrainische Pr\u00e4sident Selenskyj in seiner abendlichen Videobotschaft erkl\u00e4rt, er halte Fortschritte in den n\u00e4chsten Tagen durchaus f\u00fcr realistisch.<\/p>\n<p>Diese Nachricht wurde am 01.12.2025 im Programm Deutschlandfunk gesendet.<\/p>\n","protected":false},"excerpt":{"rendered":"Spitzengespr\u00e4che zwischen USA und Ukraine (AFP \/ CHANDAN KHANNA) Diese seien &#8222;sehr produktiv&#8220; gewesen, sagte Rubio in Hallandale&hellip;\n","protected":false},"author":2,"featured_media":614239,"comment_status":"","ping_status":"","sticky":false,"template":"","format":"standard","meta":{"footnotes":""},"categories":[4012],"tags":[331,332,13,14,15,12,317],"class_list":{"0":"post-614426","1":"post","2":"type-post","3":"status-publish","4":"format-standard","5":"has-post-thumbnail","7":"category-ukraine","8":"tag-aktuelle-nachrichten","9":"tag-aktuelle-news","10":"tag-headlines","11":"tag-nachrichten","12":"tag-news","13":"tag-schlagzeilen","14":"tag-ukraine"},"share_on_mastodon":{"url":"https:\/\/pubeurope.com\/@de\/115641448939272813","error":""},"_links":{"self":[{"href":"https:\/\/www.europesays.com\/de\/wp-json\/wp\/v2\/posts\/614426","targetHints":{"allow":["GET"]}}],"collection":[{"href":"https:\/\/www.europesays.com\/de\/wp-json\/wp\/v2\/posts"}],"about":[{"href":"https:\/\/www.europesays.com\/de\/wp-json\/wp\/v2\/types\/post"}],"author":[{"embeddable":true,"href":"https:\/\/www.europesays.com\/de\/wp-json\/wp\/v2\/users\/2"}],"replies":[{"embeddable":true,"href":"https:\/\/www.europesays.com\/de\/wp-json\/wp\/v2\/comments?post=614426"}],"version-history":[{"count":0,"href":"https:\/\/www.europesays.com\/de\/wp-json\/wp\/v2\/posts\/614426\/revisions"}],"wp:featuredmedia":[{"embeddable":true,"href":"https:\/\/www.europesays.com\/de\/wp-json\/wp\/v2\/media\/614239"}],"wp:attachment":[{"href":"https:\/\/www.europesays.com\/de\/wp-json\/wp\/v2\/media?parent=614426"}],"wp:term":[{"taxonomy":"category","embeddable":true,"href":"https:\/\/www.europesays.com\/de\/wp-json\/wp\/v2\/categories?post=614426"},{"taxonomy":"post_tag","embeddable":true,"href":"https:\/\/www.europesays.com\/de\/wp-json\/wp\/v2\/tags?post=614426"}],"curies":[{"name":"wp","href":"https:\/\/api.w.org\/{rel}","templated":true}]}}