{"id":614851,"date":"2025-12-01T04:56:58","date_gmt":"2025-12-01T04:56:58","guid":{"rendered":"https:\/\/www.europesays.com\/de\/614851\/"},"modified":"2025-12-01T04:56:58","modified_gmt":"2025-12-01T04:56:58","slug":"viele-zugausfaelle-in-wuppertal-zum-jahreswechsel","status":"publish","type":"post","link":"https:\/\/www.europesays.com\/de\/614851\/","title":{"rendered":"Viele Zugausf\u00e4lle in Wuppertal zum Jahreswechsel"},"content":{"rendered":"<p class=\"text_ohne_einzug richtext text-em-55 !leading-serif mx-6 desktop:mx-0\">Auf Pendler und Bahnreisende in und um Wuppertal werden nervenaufreibende Wochen zukommen. Bevor die gro\u00dfe Generalsanierung startet, gibt es jetzt noch beginnend mit dem zweiten Weihnachtstag bis in den Januar hinein Vorarbeiten zu erledigen. \u201eDie DB InfraGo beginnt im Februar 2026 mit der Generalsanierung der wichtigen Bahnstrecke zwischen Hagen, Wuppertal und K\u00f6ln. Um im Februar unmittelbar mit den Hauptarbeiten starten zu k\u00f6nnen, setzt das Projektteam in der Zeit von 26. Dezember bis 2. Januar dringend notwendige Vorarbeiten um\u201c, teilt eine Bahn-Sprecherin mit. \u201eDazu z\u00e4hlen neben Vegetationsarbeiten auch umfangreiche Kampfmittelsondierungen.\u201c Mit Hilfe von Spezialger\u00e4ten w\u00fcrden Fachexperten dabei L\u00f6cher entlang der Strecke bohren. Die Bohrungen seien n\u00f6tig, \u201eum metallische Gegenst\u00e4nde, wie beispielsweise Kampfmittel aus dem Zweiten Weltkrieg, im Boden ausschlie\u00dfen zu k\u00f6nnen\u201c.<\/p>\n","protected":false},"excerpt":{"rendered":"Auf Pendler und Bahnreisende in und um Wuppertal werden nervenaufreibende Wochen zukommen. Bevor die gro\u00dfe Generalsanierung startet, gibt&hellip;\n","protected":false},"author":2,"featured_media":614852,"comment_status":"","ping_status":"","sticky":false,"template":"","format":"standard","meta":{"footnotes":""},"categories":[1840],"tags":[52257,1739,9695,145971,16413,2226,3364,29,11536,30,20442,3601,1209,81123,4562,2224,10959,6191,67500,25832,145970,4418],"class_list":{"0":"post-614851","1":"post","2":"type-post","3":"status-publish","4":"format-standard","5":"has-post-thumbnail","7":"category-wuppertal","8":"tag-streckensperrungen","9":"tag-bahn","10":"tag-bahnhoefe","11":"tag-bahnreisende","12":"tag-bahnsperrung","13":"tag-bahnstrecke","14":"tag-de","15":"tag-deutschland","16":"tag-generalsanierung","17":"tag-germany","18":"tag-hagen","19":"tag-hauptbahnhof","20":"tag-nordrhein-westfalen","21":"tag-notwendige","22":"tag-reise","23":"tag-sperrung","24":"tag-sprecherin","25":"tag-strecke","26":"tag-teilsperrungen","27":"tag-teilt","28":"tag-vorarbeiten","29":"tag-wuppertal"},"share_on_mastodon":{"url":"https:\/\/pubeurope.com\/@de\/115642541220166296","error":""},"_links":{"self":[{"href":"https:\/\/www.europesays.com\/de\/wp-json\/wp\/v2\/posts\/614851","targetHints":{"allow":["GET"]}}],"collection":[{"href":"https:\/\/www.europesays.com\/de\/wp-json\/wp\/v2\/posts"}],"about":[{"href":"https:\/\/www.europesays.com\/de\/wp-json\/wp\/v2\/types\/post"}],"author":[{"embeddable":true,"href":"https:\/\/www.europesays.com\/de\/wp-json\/wp\/v2\/users\/2"}],"replies":[{"embeddable":true,"href":"https:\/\/www.europesays.com\/de\/wp-json\/wp\/v2\/comments?post=614851"}],"version-history":[{"count":0,"href":"https:\/\/www.europesays.com\/de\/wp-json\/wp\/v2\/posts\/614851\/revisions"}],"wp:featuredmedia":[{"embeddable":true,"href":"https:\/\/www.europesays.com\/de\/wp-json\/wp\/v2\/media\/614852"}],"wp:attachment":[{"href":"https:\/\/www.europesays.com\/de\/wp-json\/wp\/v2\/media?parent=614851"}],"wp:term":[{"taxonomy":"category","embeddable":true,"href":"https:\/\/www.europesays.com\/de\/wp-json\/wp\/v2\/categories?post=614851"},{"taxonomy":"post_tag","embeddable":true,"href":"https:\/\/www.europesays.com\/de\/wp-json\/wp\/v2\/tags?post=614851"}],"curies":[{"name":"wp","href":"https:\/\/api.w.org\/{rel}","templated":true}]}}