{"id":615112,"date":"2025-12-01T07:51:15","date_gmt":"2025-12-01T07:51:15","guid":{"rendered":"https:\/\/www.europesays.com\/de\/615112\/"},"modified":"2025-12-01T07:51:15","modified_gmt":"2025-12-01T07:51:15","slug":"augsburgs-altstadt-leuchtet-und-stimmt-sich-ein-fuer-die-nacht-der-1000-lichter","status":"publish","type":"post","link":"https:\/\/www.europesays.com\/de\/615112\/","title":{"rendered":"Augsburgs Altstadt leuchtet und stimmt sich ein f\u00fcr die Nacht der 1000 Lichter"},"content":{"rendered":"<p class=\"mb-6 text-xs md:text-m lg:text-l font-serif group-[.font-sans]:font-sans \">\n    <a href=\"https:\/\/www.augsburger-allgemeine.de\/augsburg\/augsburgs-altstadt-macht-werbung-in-eigener-sache-112689997\" target=\"_self\" class=\"underline \" rel=\"noopener\">Die Altstadt in Augsburg<\/a> hat gerade in der Vorweihnachtszeit zu jeder Tageszeit ihren Reiz. Stimmungsvoll beginnt der Morgen an manchen Tagen, wenn sich das Morgenrot \u00fcber den D\u00e4chern der H\u00e4user zeigt. Auch das Kloster Maria Stern mit der Klosterkirche ist ein Hingucker. Begonnen hat zudem der Weihnachtsmarkt in der Alten Silberschmiede. Ge\u00f6ffnet ist er sonntags bis donnerstags von 16 bis 20 Uhr, an Freitagen und Samstagen l\u00e4uft der Betrieb von 16 bis 21.30 Uhr. D<a href=\"https:\/\/www.augsburger-allgemeine.de\/augsburg\/wirbel-um-poller-am-christkindlesmarkt-in-augsburg-so-viel-kostet-der-einsatz-112886143\" target=\"_self\" class=\"underline \" rel=\"noopener\">as Ende der \u00d6ffnungszeiten ist am Christkindlesmarkt orientiert. <\/a>\n  <\/p>\n<p>      <a href=\"https:\/\/www.augsburger-allgemeine.de\/augsburg\/christkindlesmarkt-augsburg-2025-oeffnungszeiten-programm-und-parken-28-11-25-112695881\" class=\"hidden  &#010;                md:block md:mr-5 md:min-w-[140px]  aspect-photo md:aspect-tv lg:aspect-tv w-fullXXX relative self-start inline overflow-hidden\" target=\"_blank\" rel=\"noopener\"><\/p>\n<p>    <img decoding=\"async\" src=\"https:\/\/images.mgpd.de\/img\/100915557\/crop\/c3_2-w100\/1928522924\/495490667\/awa1947.jpg\" alt=\"Auch 2025 d\u00fcrfen sich Augsburger und Besucher wieder auf den wundersch\u00f6nen Weihnachtsmarkt am Rathausplatz freuen.\" title=\"Auch 2025 d\u00fcrfen sich Augsburger und Besucher wieder auf den wundersch\u00f6nen Weihnachtsmarkt am Rathausplatz freuen.\" class=\"h-full w-full object-cover\"\/><br \/>\n   <\/a><\/p>\n<p class=\"mb-6 text-xs md:text-m lg:text-l font-serif group-[.font-sans]:font-sans \">\n    Traditionell findet in der Altstadt die Aktion \u201eNacht der 1000 Lichter\u201c statt. Termin ist am Freitag, 5. Dezember. Die Altstadt soll laut Organisatoren im Glanz von 1000 Kerzen strahlen. Die Aktion ist von 16.30 bis 21 Uhr angesetzt. An anderen Abenden sind zudem die beleuchteten Kronleuchter an den Lechkan\u00e4len ein beliebtes Fotomotiv.\u00a0\n  <\/p>\n<ul data-module-id=\"DragDropModule\" class=\"flex flex-wrap justify-start group-[.no-bookmarks]:hidden\">\n<li class=\"mb-3 mr-3\">\n    Michael H\u00f6rmann<\/p>\n<p>      Icon Haken im Kreis gesetzt<\/p>\n<p>      Icon Plus im Kreis<\/p>\n<\/li>\n<li class=\"mb-3 mr-3\">\n    Augsburg<\/p>\n<p>      Icon Haken im Kreis gesetzt<\/p>\n<p>      Icon Plus im Kreis<\/p>\n<\/li>\n<li class=\"mb-3 mr-3\">\n    Maria Stern<\/p>\n<p>      Icon Haken im Kreis gesetzt<\/p>\n<p>      Icon Plus im Kreis<\/p>\n<\/li>\n<\/ul>\n","protected":false},"excerpt":{"rendered":"Die Altstadt in Augsburg hat gerade in der Vorweihnachtszeit zu jeder Tageszeit ihren Reiz. Stimmungsvoll beginnt der Morgen&hellip;\n","protected":false},"author":2,"featured_media":615113,"comment_status":"","ping_status":"","sticky":false,"template":"","format":"standard","meta":{"footnotes":""},"categories":[1846],"tags":[680,772,3364,29,548,663,3934,30,13,146092,146091,14,15,12],"class_list":{"0":"post-615112","1":"post","2":"type-post","3":"status-publish","4":"format-standard","5":"has-post-thumbnail","7":"category-augsburg","8":"tag-augsburg","9":"tag-bayern","10":"tag-de","11":"tag-deutschland","12":"tag-eu","13":"tag-europa","14":"tag-europe","15":"tag-germany","16":"tag-headlines","17":"tag-maria-stern","18":"tag-morgenrot","19":"tag-nachrichten","20":"tag-news","21":"tag-schlagzeilen"},"share_on_mastodon":{"url":"https:\/\/pubeurope.com\/@de\/115643226918658992","error":""},"_links":{"self":[{"href":"https:\/\/www.europesays.com\/de\/wp-json\/wp\/v2\/posts\/615112","targetHints":{"allow":["GET"]}}],"collection":[{"href":"https:\/\/www.europesays.com\/de\/wp-json\/wp\/v2\/posts"}],"about":[{"href":"https:\/\/www.europesays.com\/de\/wp-json\/wp\/v2\/types\/post"}],"author":[{"embeddable":true,"href":"https:\/\/www.europesays.com\/de\/wp-json\/wp\/v2\/users\/2"}],"replies":[{"embeddable":true,"href":"https:\/\/www.europesays.com\/de\/wp-json\/wp\/v2\/comments?post=615112"}],"version-history":[{"count":0,"href":"https:\/\/www.europesays.com\/de\/wp-json\/wp\/v2\/posts\/615112\/revisions"}],"wp:featuredmedia":[{"embeddable":true,"href":"https:\/\/www.europesays.com\/de\/wp-json\/wp\/v2\/media\/615113"}],"wp:attachment":[{"href":"https:\/\/www.europesays.com\/de\/wp-json\/wp\/v2\/media?parent=615112"}],"wp:term":[{"taxonomy":"category","embeddable":true,"href":"https:\/\/www.europesays.com\/de\/wp-json\/wp\/v2\/categories?post=615112"},{"taxonomy":"post_tag","embeddable":true,"href":"https:\/\/www.europesays.com\/de\/wp-json\/wp\/v2\/tags?post=615112"}],"curies":[{"name":"wp","href":"https:\/\/api.w.org\/{rel}","templated":true}]}}