{"id":615120,"date":"2025-12-01T07:55:17","date_gmt":"2025-12-01T07:55:17","guid":{"rendered":"https:\/\/www.europesays.com\/de\/615120\/"},"modified":"2025-12-01T07:55:17","modified_gmt":"2025-12-01T07:55:17","slug":"millionenfoerderung-fuer-batterieforschung-in-muenster","status":"publish","type":"post","link":"https:\/\/www.europesays.com\/de\/615120\/","title":{"rendered":"Millionenf\u00f6rderung f\u00fcr Batterieforschung in M\u00fcnster"},"content":{"rendered":"\n<p>M\u00fcnster &#8211; Das Land NRW investiert weiter in die Zukunft der Batterietechnologie: Regierungspr\u00e4sident Andreas Bothe hat nun inen F\u00f6rderbescheid \u00fcber 6,75 Millionen Euro an die Gesch\u00e4ftsf\u00fchrer der Technologief\u00f6rderung M\u00fcnster GmbH Volker Ruff und Enno Fuchs \u00fcbergeben. <\/p>\n<p>Die Technologief\u00f6rderung M\u00fcnster plant mit dem Geld den Bau eines innovativen Forschungsgeb\u00e4udes f\u00fcr die Batterieindustrie mit B\u00fcros und Laboren, wie es in einer Mitteilung hei\u00dft Ziel des Projektes BattL3 ist es, innovative Kooperationsprojekte zwischen Unternehmen und Forschungspartnern in M\u00fcnster zu erm\u00f6glichen.<br \/>\u00a0<br \/>\u201eDas Projekt BattL3 fungiert als Impulsgeber f\u00fcr Innovation, Wirtschaftswachstum und Besch\u00e4ftigung und setzt ein klares Zeichen f\u00fcr die Rolle unserer Region bei der Energiewende\u201c, sagte Regierungspr\u00e4sident Andreas Bothe bei der Bescheid\u00fcbergabe am Domplatz in M\u00fcnster.<br \/>\u00a0<br \/>\u201eWir freuen uns sehr \u00fcber die F\u00f6rderung der EU und des Landes NRW. Die EU und das Land investieren gezielt mit der Stadt M\u00fcnster in den wachsenden Batterieforschungsstandort M\u00fcnster als Teil des Zukunftsstandortes Nordrhein-Westfalen. Und diese Entwicklung wird sicherlich auch international wahrgenommen und Interesse an Kooperationen am Standort M\u00fcnster wecken\u201c, betonte Gesch\u00e4ftsf\u00fchrer der Technologief\u00f6rderung Volker Ruff.<\/p>\n<p> Neubau am Technologiehof <\/p>\n<p>Gebaut wird das 1.600 Quadratmeter gro\u00dfe Geb\u00e4ude auf dem Grundst\u00fcck des Technologiehofs M\u00fcnster und in unmittelbarer Nachbarschaft zum Fachbereich Chemie der Universit\u00e4t, zum MEET, zum Helmholtz-Institut und zur Fraunhofer-Forschungsfertigung Batteriezelle (FFB). Dadurch sollen innovative Kooperationsprojekte zwischen nationalen und internationalen Start-ups, kleinen und mittleren Unternehmen und Forschungspartnern erm\u00f6glicht werden.<br \/>\u00a0<br \/>Das Projekt BattL3 erg\u00e4nzt die Kooperations- und Forschungsangebote der Forschungsfertigung Batteriezelle (FFB) in M\u00fcnster f\u00fcr Unternehmen der Zellfertigung und des Maschinen- und Anlagenbaus. Mit dem Geb\u00e4ude schafft die Technologief\u00f6rderung M\u00fcnster eine nachhaltige Infrastruktur durch Verdichtung bestehender Fl\u00e4che in einem Technologiepark. Werden Batterien durch die Forschung- und Entwicklungsarbeiten in diesem Geb\u00e4ude noch effizienter, wirtschaftlicher und ressourcenschonender, dient dieses Geb\u00e4ude dem Ziel der nachhaltigen Verwendung von Materialien auch unter anderem durch die Recyclingf\u00e4higkeit der Materialien in besonderer Art und Weise.<br \/>\u00a0<br \/>Die F\u00f6rderung stammt aus dem EFRE\/JDF-Programm des Landes Nordrhein-Westfalen. Der Baubeginn ist f\u00fcr Mitte Februar 2026 vorgesehen, Mitte 2027 soll das Geb\u00e4ude fertig sein.\u00a0<\/p>\n<p>\u00a0<\/p>\n","protected":false},"excerpt":{"rendered":"M\u00fcnster &#8211; Das Land NRW investiert weiter in die Zukunft der Batterietechnologie: Regierungspr\u00e4sident Andreas Bothe hat nun inen&hellip;\n","protected":false},"author":2,"featured_media":615121,"comment_status":"","ping_status":"","sticky":false,"template":"","format":"standard","meta":{"footnotes":""},"categories":[1843],"tags":[26593,3364,29,37215,30,3682,8970,1209],"class_list":{"0":"post-615120","1":"post","2":"type-post","3":"status-publish","4":"format-standard","5":"has-post-thumbnail","7":"category-muenster","8":"tag-batterieforschung","9":"tag-de","10":"tag-deutschland","11":"tag-foerdermittel","12":"tag-germany","13":"tag-hendrik-wuest","14":"tag-muenster","15":"tag-nordrhein-westfalen"},"share_on_mastodon":{"url":"https:\/\/pubeurope.com\/@de\/115643241660034466","error":""},"_links":{"self":[{"href":"https:\/\/www.europesays.com\/de\/wp-json\/wp\/v2\/posts\/615120","targetHints":{"allow":["GET"]}}],"collection":[{"href":"https:\/\/www.europesays.com\/de\/wp-json\/wp\/v2\/posts"}],"about":[{"href":"https:\/\/www.europesays.com\/de\/wp-json\/wp\/v2\/types\/post"}],"author":[{"embeddable":true,"href":"https:\/\/www.europesays.com\/de\/wp-json\/wp\/v2\/users\/2"}],"replies":[{"embeddable":true,"href":"https:\/\/www.europesays.com\/de\/wp-json\/wp\/v2\/comments?post=615120"}],"version-history":[{"count":0,"href":"https:\/\/www.europesays.com\/de\/wp-json\/wp\/v2\/posts\/615120\/revisions"}],"wp:featuredmedia":[{"embeddable":true,"href":"https:\/\/www.europesays.com\/de\/wp-json\/wp\/v2\/media\/615121"}],"wp:attachment":[{"href":"https:\/\/www.europesays.com\/de\/wp-json\/wp\/v2\/media?parent=615120"}],"wp:term":[{"taxonomy":"category","embeddable":true,"href":"https:\/\/www.europesays.com\/de\/wp-json\/wp\/v2\/categories?post=615120"},{"taxonomy":"post_tag","embeddable":true,"href":"https:\/\/www.europesays.com\/de\/wp-json\/wp\/v2\/tags?post=615120"}],"curies":[{"name":"wp","href":"https:\/\/api.w.org\/{rel}","templated":true}]}}