{"id":615139,"date":"2025-12-01T08:07:14","date_gmt":"2025-12-01T08:07:14","guid":{"rendered":"https:\/\/www.europesays.com\/de\/615139\/"},"modified":"2025-12-01T08:07:14","modified_gmt":"2025-12-01T08:07:14","slug":"spanien-bleibt-beliebtestes-reiseziel-der-deutschen-usa-etwas-weniger-gefragt","status":"publish","type":"post","link":"https:\/\/www.europesays.com\/de\/615139\/","title":{"rendered":"Spanien bleibt beliebtestes Reiseziel der Deutschen, USA etwas weniger gefragt"},"content":{"rendered":"<p class=\"tspANhu tspANhv\">Das Passagieraufkommen an deutschen Flugh\u00e4fen ist im Flugsommer noch immer hinter den vor der Corona-Pandemie erreichten Rekordwerten zur\u00fcckgeblieben. Von April bis Oktober starteten rund 68,5 Millionen Flugg\u00e4ste von den deutschen Hauptverkehrsflugh\u00e4fen ins Ausland. <strong>Das waren 3,0 Millionen oder 4,6 Prozent mehr Reisende als im Vorjahr<\/strong>, wie das Statistische Bundesamt am Montag mitteilte. <\/p>\n<p class=\"tspANhu\">Damit blieb die Zahl um 2,8 Prozent unter dem Niveau des Rekordsommers 2019, auf den ein Jahr sp\u00e4ter der coronabedingte Einbruch der Fluggastzahlen folgte.<\/p>\n<p class=\"tspANhu\">Im Luftverkehr mit europ\u00e4ischen Zielen <strong>blieb Spanien das beliebteste Reiseland:<\/strong> Im Sommer wurden 10,5 Millionen Flugg\u00e4ste gez\u00e4hlt \u2013 rund 1,5 Prozent mehr als im Vorjahr. Damit wurde das Vor-Corona-Niveau von 2019 um 1,0 Prozent \u00fcbertroffen. <\/p>\n<p>Wochenende-Newsletter: F\u00fcr Ihre Auszeit vom Alltag<\/p>\n<p><img decoding=\"async\" src=\"https:\/\/www.europesays.com\/de\/wp-content\/uploads\/2025\/04\/hangematte-1.png\" alt=\"\" class=\"tspBEht\"\/><\/p>\n<p class=\"tspBEko\"> Entspannen Sie sich \u2013 und lassen Sie sich inspirieren: von exklusiven Reportagen, tiefgr\u00fcndigen Analysen und besonderen Kulinarik- und Reisetipps. <\/p>\n<p class=\"tspANhu\"><strong>\u201eDas zweith\u00e4ufigste europ\u00e4ische Ziel von Flugreisenden aus Deutschland war die T\u00fcrkei\u201c<\/strong>, fanden die Statistiker heraus. Mit 7,7 Millionen Reisenden flogen dorthin 7,8 Prozent mehr Menschen als im Sommer 2024 und sogar 33,7 Prozent mehr als im Sommer 2019. <\/p>\n<p class=\"tspANhu\"><strong>Das drittbeliebteste Flugziel innerhalb Europas war Italien mit 5,3 Millionen Flugg\u00e4sten:<\/strong> Trotz eines Anstiegs um 4,9 Prozent zum Sommer 2024 flogen 5,8 Prozent weniger Passagiere dorthin als im Sommer 2019. Griechenland \u00fcbertraf hingegen mit 4,5 Millionen Reisenden sowohl das Niveau des Sommers 2024 (+6,7 Prozent) als auch des Sommers 2019 (+27,0 Prozent) deutlich.<\/p>\n<p class=\"tspANhu\">Im Interkontinentalverkehr blieben die Vereinigten Staaten mit 4,5 Millionen Reisenden aus Deutschland im Sommer 2025 das beliebteste Reiseziel. <strong>Allerdings sank das Passagieraufkommen in die USA um 1,4 Prozent zum Sommer 2024 und um 3,6 Prozent im Vergleich zum Sommer 2019.<\/strong> Viele Experten erkl\u00e4ren den R\u00fcckgang mit der umstrittenen Politik von US-Pr\u00e4sident Donald Trump. <\/p>\n<p class=\"tspANhu\">Zweitbeliebtestes Flugziel au\u00dferhalb Europas war im Sommer<strong> \u00c4gypten mit 1,4 Millionen Reisenden.<\/strong> Das waren 12,3 Prozent mehr als ein Jahr zuvor und 15,0 Prozent mehr als im Sommer 2019.<\/p>\n<p> Mehr auf Tagesspiegel.de <a href=\"https:\/\/www.tagesspiegel.de\/gesellschaft\/reise\/reisetipp-fur-niederschlesien-ein-streifzug-durch-das-riesengebirge-ist-ein-ausflug-in-eine-magische-welt-14784107.html?icid=topic-list_14994617___\" data-gtm-class=\"article-mzt-link\" class=\"tspBRlx\" target=\"_blank\" rel=\"noopener\">Reisetipp f\u00fcr Niederschlesien Ein Streifzug durch das Riesengebirge ist ein Ausflug in eine magische Welt <\/a><a href=\"https:\/\/www.tagesspiegel.de\/gesellschaft\/reise\/zum-ersten-mal-in-armenien-und-am-horizont-schimmert-der-ararat-14782898.html?icid=topic-list_14994617___\" data-gtm-class=\"article-mzt-link\" class=\"tspBRlx\" target=\"_blank\" rel=\"noopener\">Zum ersten Mal in Armenien Und am Horizont schimmert der Ararat <\/a><a href=\"https:\/\/www.tagesspiegel.de\/gesellschaft\/reise\/ein-land-will-hoch-hinaus-angola-setzt-auf-tourismus-14587946.html?icid=topic-list_14994617___\" data-gtm-class=\"article-mzt-link\" class=\"tspBRlx\" target=\"_blank\" rel=\"noopener\">Ein Land will hoch hinaus Angola setzt auf Tourismus <\/a><\/p>\n<p class=\"tspANhu\">Wie die Statistiker au\u00dferdem herausfanden, sank das Passagieraufkommen im innerdeutschen Luftverkehr. <strong>Hier gab es ein Minus von 0,7 Prozent auf 5,3 Millionen.<\/strong> Damit lag die Passagierzahl auf Inlandsfl\u00fcgen um mehr als die H\u00e4lfte (-54,9 Prozent) unter dem Niveau des Sommers 2019. F\u00fcr den gesamten Luftverkehr erh\u00f6hte sich die Zahl der Flugg\u00e4ste im zur\u00fcckliegenden Sommer um 4,2 Prozent auf 73,7 Millionen. Im Vergleich zum Sommer 2019 waren das 10,2 Prozent Flugg\u00e4ste weniger. (Reuters)<\/p>\n","protected":false},"excerpt":{"rendered":"Das Passagieraufkommen an deutschen Flugh\u00e4fen ist im Flugsommer noch immer hinter den vor der Corona-Pandemie erreichten Rekordwerten zur\u00fcckgeblieben.&hellip;\n","protected":false},"author":2,"featured_media":615140,"comment_status":"","ping_status":"","sticky":false,"template":"","format":"standard","meta":{"footnotes":""},"categories":[3977],"tags":[331,332,13,14,15,12,4026,4017,4018,4016,64,4019,4020],"class_list":{"0":"post-615139","1":"post","2":"type-post","3":"status-publish","4":"format-standard","5":"has-post-thumbnail","7":"category-usa","8":"tag-aktuelle-nachrichten","9":"tag-aktuelle-news","10":"tag-headlines","11":"tag-nachrichten","12":"tag-news","13":"tag-schlagzeilen","14":"tag-spanien","15":"tag-united-states","16":"tag-united-states-of-america","17":"tag-us","18":"tag-usa","19":"tag-vereinigte-staaten","20":"tag-vereinigte-staaten-von-amerika"},"share_on_mastodon":{"url":"https:\/\/pubeurope.com\/@de\/115643288732209866","error":""},"_links":{"self":[{"href":"https:\/\/www.europesays.com\/de\/wp-json\/wp\/v2\/posts\/615139","targetHints":{"allow":["GET"]}}],"collection":[{"href":"https:\/\/www.europesays.com\/de\/wp-json\/wp\/v2\/posts"}],"about":[{"href":"https:\/\/www.europesays.com\/de\/wp-json\/wp\/v2\/types\/post"}],"author":[{"embeddable":true,"href":"https:\/\/www.europesays.com\/de\/wp-json\/wp\/v2\/users\/2"}],"replies":[{"embeddable":true,"href":"https:\/\/www.europesays.com\/de\/wp-json\/wp\/v2\/comments?post=615139"}],"version-history":[{"count":0,"href":"https:\/\/www.europesays.com\/de\/wp-json\/wp\/v2\/posts\/615139\/revisions"}],"wp:featuredmedia":[{"embeddable":true,"href":"https:\/\/www.europesays.com\/de\/wp-json\/wp\/v2\/media\/615140"}],"wp:attachment":[{"href":"https:\/\/www.europesays.com\/de\/wp-json\/wp\/v2\/media?parent=615139"}],"wp:term":[{"taxonomy":"category","embeddable":true,"href":"https:\/\/www.europesays.com\/de\/wp-json\/wp\/v2\/categories?post=615139"},{"taxonomy":"post_tag","embeddable":true,"href":"https:\/\/www.europesays.com\/de\/wp-json\/wp\/v2\/tags?post=615139"}],"curies":[{"name":"wp","href":"https:\/\/api.w.org\/{rel}","templated":true}]}}