{"id":615165,"date":"2025-12-01T08:24:24","date_gmt":"2025-12-01T08:24:24","guid":{"rendered":"https:\/\/www.europesays.com\/de\/615165\/"},"modified":"2025-12-01T08:24:24","modified_gmt":"2025-12-01T08:24:24","slug":"evangelische-kirche-in-mitteldeutschland-ekm-pressestelle-sachsen-anhalt-2","status":"publish","type":"post","link":"https:\/\/www.europesays.com\/de\/615165\/","title":{"rendered":"Evangelische Kirche in Mitteldeutschland (EKM) | Pressestelle Sachsen-Anhalt"},"content":{"rendered":"<p>\n                  <strong class=\"text-uppercase\">R\u00fcckfragen<\/strong>\n                <\/p>\n<p>Friedemann Kahl, 0151 59128575<\/p>\n<p>Die evangelische Dorfkirche St. Barbara in Poppel im Kirchenkreis Naumburg-Zeitz ist von der Stiftung zur Bewahrung kirchlicher Baudenkm\u00e4ler (Stiftung KiBa) f\u00fcr den Dezember als \u201eKirche des Monats\u201c gew\u00e4hlt worden. Die Stiftung unterst\u00fctzt die dringend notwendigen Sanierungsarbeiten an der Kirche mit 8.000 Euro. Nachdem Gemeindemitglieder in Eigenregie eine Winterkirche in dem Gotteshaus eingerichtet hatten, restaurierten Fachleute in diesem Jahr das Dach des Kirchturms. Insgesamt kostete die Sanierung knapp 34.000 Euro.<\/p>\n<p>Das Innere von St. Barbara ist durch eine stilistische Vielfalt gepr\u00e4gt: Der Kanzelaltar und der h\u00f6lzerne Taufengel stammen aus der Zeit des Barock, die Buntglasfenster wurden zu Beginn des 20. Jahrhundert gefertigt. Aus der Zeit der Sp\u00e4tgotik sind die Wandmalereien im Kirchenschiff, die, vermutlich die Geschichte der Heiligen Barbara ins Bild setzen.<\/p>\n<p>Einladend ist die kleine romanische Feldsteinkirche auch, weil man ihr ansieht, dass sie gesch\u00e4tzt wird. Gemeindemitglieder k\u00fcmmern sich darum, dass der Raum immer sauber ist, die Glocke wird von Hand gel\u00e4utet, zu Erntedank und im Advent ist St. Barbara wundersch\u00f6n geschm\u00fcckt. Besonders gut kommt die Winterkirche unter der Empore im Eingangsbereich an, die mit Glasscheiben vom restlichen Gottesdienstraum abgetrennt und \u201ebeheizbar und gem\u00fctlich eingerichtet\u201c ist. Dies alles ist durch den Einsatz engagierter Gemeindemitglieder m\u00f6glich geworden, betont Pfarrerin Bettina Pl\u00f6tner-Walter.<\/p>\n<p>Auch bei der diesj\u00e4hrigen Sanierung des Turmdaches hatten einige Mitglieder der Gemeinde ihre Finger im Spiel, zum Beispiel beim Spendensammeln. \u201eEinmal dr\u00fcckte mir ein Mitglied des Kirchenrates einen Umschlag mit Spenden in die Hand. Es waren mehr als 3.000 Euro darin\u201c, so die Pfarrerin.<\/p>\n<p>Die Stiftung zur Bewahrung kirchlicher Baudenkm\u00e4ler in Deutschland (Stiftung KiBa) ist eine Stiftung der EKD und der evangelischen Landeskirchen. Seit 1999 hat sie Zusagen f\u00fcr Sanierungsvorhaben in H\u00f6he von mehr als 40 Millionen Euro geben k\u00f6nnen. F\u00fcr dieses Jahr sind bislang F\u00f6rderzusagen von rund 1,33 Millionen Euro vorgesehen. 3.400 Mitglieder engagieren sich bundesweit im \u201eF\u00f6rderverein der Stiftung KiBa e. V.\u201c<\/p>\n<p>Weitere Informationen unter: <a href=\"https:\/\/www.stiftung-kiba.de\" rel=\"nofollow noopener\" target=\"_blank\">www.stiftung-kiba.de<\/a><\/p>\n<p>\n                  <strong class=\"text-uppercase\">R\u00fcckfragen<\/strong>\n                <\/p>\n<p>Friedemann Kahl, 0151 59128575<\/p>\n","protected":false},"excerpt":{"rendered":"R\u00fcckfragen Friedemann Kahl, 0151 59128575 Die evangelische Dorfkirche St. Barbara in Poppel im Kirchenkreis Naumburg-Zeitz ist von der&hellip;\n","protected":false},"author":2,"featured_media":615166,"comment_status":"","ping_status":"","sticky":false,"template":"","format":"standard","meta":{"footnotes":""},"categories":[1836],"tags":[3274,13960,13961,3364,29,13956,9485,13958,13957,30,46,7011,13959,13963,13962,62,1515,1411,62191,13965,13964,13966,13967],"class_list":{"0":"post-615165","1":"post","2":"type-post","3":"status-publish","4":"format-standard","5":"has-post-thumbnail","7":"category-hannover","8":"tag-kirche","9":"tag-church","10":"tag-churches","11":"tag-de","12":"tag-deutschland","13":"tag-ekmd","14":"tag-evangelisch","15":"tag-evangelisch-lutherischen-kirche-in-thueringen","16":"tag-evangelische","17":"tag-germany","18":"tag-hannover","19":"tag-kirchen","20":"tag-kirchenprovinz-sachsen","21":"tag-lutheran","22":"tag-lutherisch","23":"tag-medien","24":"tag-mitteldeutschland","25":"tag-niedersachsen","26":"tag-p","27":"tag-reformed","28":"tag-reformiert","29":"tag-uniert","30":"tag-united"},"share_on_mastodon":{"url":"https:\/\/pubeurope.com\/@de\/115643355276121789","error":""},"_links":{"self":[{"href":"https:\/\/www.europesays.com\/de\/wp-json\/wp\/v2\/posts\/615165","targetHints":{"allow":["GET"]}}],"collection":[{"href":"https:\/\/www.europesays.com\/de\/wp-json\/wp\/v2\/posts"}],"about":[{"href":"https:\/\/www.europesays.com\/de\/wp-json\/wp\/v2\/types\/post"}],"author":[{"embeddable":true,"href":"https:\/\/www.europesays.com\/de\/wp-json\/wp\/v2\/users\/2"}],"replies":[{"embeddable":true,"href":"https:\/\/www.europesays.com\/de\/wp-json\/wp\/v2\/comments?post=615165"}],"version-history":[{"count":0,"href":"https:\/\/www.europesays.com\/de\/wp-json\/wp\/v2\/posts\/615165\/revisions"}],"wp:featuredmedia":[{"embeddable":true,"href":"https:\/\/www.europesays.com\/de\/wp-json\/wp\/v2\/media\/615166"}],"wp:attachment":[{"href":"https:\/\/www.europesays.com\/de\/wp-json\/wp\/v2\/media?parent=615165"}],"wp:term":[{"taxonomy":"category","embeddable":true,"href":"https:\/\/www.europesays.com\/de\/wp-json\/wp\/v2\/categories?post=615165"},{"taxonomy":"post_tag","embeddable":true,"href":"https:\/\/www.europesays.com\/de\/wp-json\/wp\/v2\/tags?post=615165"}],"curies":[{"name":"wp","href":"https:\/\/api.w.org\/{rel}","templated":true}]}}