{"id":615195,"date":"2025-12-01T08:42:13","date_gmt":"2025-12-01T08:42:13","guid":{"rendered":"https:\/\/www.europesays.com\/de\/615195\/"},"modified":"2025-12-01T08:42:13","modified_gmt":"2025-12-01T08:42:13","slug":"sandra-meys-neue-leiterin-advertising-market-insights","status":"publish","type":"post","link":"https:\/\/www.europesays.com\/de\/615195\/","title":{"rendered":"Sandra Meys neue Leiterin Advertising &#038; Market Insights"},"content":{"rendered":"<p class=\"date\">01.12.2025 \u2013 09:30<\/p>\n<p class=\"customer\">\n                        <a class=\"story-customer\" title=\"weiter zum newsroom von ARD MEDIA GmbH\" href=\"https:\/\/www.presseportal.de\/nr\/21689\" rel=\"nofollow noopener\" target=\"_blank\">ARD MEDIA GmbH<\/a>\n                    <\/p>\n<p><a class=\"glightbox event-trigger\" href=\"https:\/\/cache.pressmailing.net\/thumbnail\/story_hires\/49c8cc19-3cf9-490f-9115-18d1d9879bb9\/Sandra_Meys_61.jpg.jpg\" data-description=\"Sandra Meys, Leiterin Advertising &amp; Market Insights ARD MEDIA GmbH \/ Weiterer Text \u00fcber ots und www.presseportal.de\/nr\/21689 \/ Die Verwendung dieses Bildes f\u00fcr redaktionelle Zwecke ist unter Beachtung aller mitgeteilten Nutzungsbedingungen zul\u00e4ssig und dann auch honorarfrei. Ver\u00f6ffentlichung ausschlie\u00dflich mit Bildrechte-Hinweis.\" data-category=\"medialightbox\" data-action=\"click\" data-label=\"single\" data-value=\"692d4049270000fd2c1f20b6\" rel=\"nofollow noopener\" target=\"_blank\"><img decoding=\"async\" height=\"540\" with=\"720\" src=\"https:\/\/www.europesays.com\/de\/wp-content\/uploads\/2025\/12\/sandra-meys-neue-leiterin-advertising-market-insights.jpeg\"   alt=\"Sandra Meys neue Leiterin Advertising &amp; Market Insights\" class=\"single\"\/><\/a><\/p>\n<p><a data-category=\"citylink-story-view\" data-action=\"click\" data-label=\"Citylink in Meldungsansicht\" class=\"story-city event-trigger\" href=\"https:\/\/www.presseportal.de\/regional\/Frankfurt\" title=\"News aus Frankfurt \" rel=\"nofollow noopener\" target=\"_blank\">Frankfurt<\/a> (ots)<\/p>\n<p> Sandra Meys, bislang Senior Project Managerin Media &amp; Audience Insights bei ARD MEDIA, \u00fcbernimmt ab 1. Dezember die Leitung der Abteilung Advertising &amp; Market Insights im Gesch\u00e4ftsbereich Forschung. Sie folgt auf Bernard Domenichini, der das Unternehmen verlassen hat, um sich einer neuen Herausforderung au\u00dferhalb der Werbebranche zu stellen. &#8222;Ich bin sehr gl\u00fccklich, dass wir mit Sandra Meys einmal mehr eine Leitungsposition aus dem eigenen Team heraus besetzen k\u00f6nnen. Sandra verf\u00fcgt \u00fcber breite Expertise in der quantitativen und qualitativen Forschung. Als starke Netzwerkerin mit Gremienerfahrung und ihrem Gesp\u00fcr f\u00fcr forscherisches Storytelling wird sie eigene Impulse in unserer Werbe- und Marktforschung setzen&#8220;, sagt Jan Isenbart, Gesch\u00e4ftsbereichsleiter Forschung und Prokurist ARD MEDIA GmbH. &#8222;Bernard Domenichini danke ich herzlich f\u00fcr seine hervorragenden Leistungen in den zur\u00fcckliegenden Jahren. Mit seinen vielf\u00e4ltigen Studieninitiativen, scharfen Analysen und eloquenten Pr\u00e4sentationen hat er unser Haus bestens repr\u00e4sentiert und bleibende Spuren hinterlassen.&#8220; <\/p>\n<p>Der multimediale Qualit\u00e4tsf\u00fchrer ARD MEDIA GmbH vermarktet in seinem Gesch\u00e4ftsbereich TV\/Bewegtbild den nationalen ARD-Sender Das Erste. Im Gesch\u00e4ftsbereich Audio vermarktet das Public-Private-Unternehmen die \u00f6ffentlich-rechtlichen Radiosender sowie ausgew\u00e4hlte private Radioprogramme und Podcast-Angebote. Das gesamte Qualit\u00e4tsportfolio steht national wie regional f\u00fcr die effektive Ansprache kaufkr\u00e4ftiger und exklusiver Zielgruppen, f\u00fcr hohe stabile Reichweiten sowie f\u00fcr \u00fcberdurchschnittlich starke Werbewirkung und Effizienz auf allen relevanten \u00dcbertragungswegen. Erg\u00e4nzt wird dieses Vermarktungsangebot durch fundierte Werbewirkungsforschung, begleitende Markt-Media-Studien sowie Service-Dienstleistungen rund um das Thema Mediaplanung.<\/p>\n<p class=\"contact-headline\">Pressekontakt:<\/p>\n<p class=\"contact-text\">Norbert R\u00fcdell<br \/>Leitung Unternehmenskommunikation und Medienpolitik<br \/>ARD MEDIA GmbH<br \/>Bertramstra\u00dfe 8<br \/>60320 Frankfurt am Main<br \/>Mail: <a href=\"https:\/\/www.presseportal.de\/pm\/21689\/mailto: norbert.ruedell@ard-media.de\" class=\"uri-mailto\" rel=\"nofollow noopener\" target=\"_blank\"> norbert.ruedell@ard-media.de<\/a><br \/>Tel.: 069\/15424-218<\/p>\n<p class=\"originator\">Original-Content von: ARD MEDIA GmbH, \u00fcbermittelt durch news aktuell<\/p>\n","protected":false},"excerpt":{"rendered":"01.12.2025 \u2013 09:30 ARD MEDIA GmbH Frankfurt (ots) Sandra Meys, bislang Senior Project Managerin Media &amp; Audience Insights&hellip;\n","protected":false},"author":2,"featured_media":615196,"comment_status":"","ping_status":"","sticky":false,"template":"","format":"standard","meta":{"footnotes":""},"categories":[1829],"tags":[3477,29,2050,2051,30,2052,10274,62,13564,178,180,179,181,146096,10275],"class_list":{"0":"post-615195","1":"post","2":"type-post","3":"status-publish","4":"format-standard","5":"has-post-thumbnail","7":"category-frankfurt-am-main","8":"tag-bild","9":"tag-deutschland","10":"tag-frankfurt","11":"tag-frankfurt-am-main","12":"tag-germany","13":"tag-hessen","14":"tag-marketing","15":"tag-medien","16":"tag-personalie","17":"tag-presse","18":"tag-pressemeldung","19":"tag-pressemitteilung","20":"tag-pressemitteilungen","21":"tag-sandra-meys","22":"tag-werbung"},"share_on_mastodon":{"url":"https:\/\/pubeurope.com\/@de\/115643427047098296","error":""},"_links":{"self":[{"href":"https:\/\/www.europesays.com\/de\/wp-json\/wp\/v2\/posts\/615195","targetHints":{"allow":["GET"]}}],"collection":[{"href":"https:\/\/www.europesays.com\/de\/wp-json\/wp\/v2\/posts"}],"about":[{"href":"https:\/\/www.europesays.com\/de\/wp-json\/wp\/v2\/types\/post"}],"author":[{"embeddable":true,"href":"https:\/\/www.europesays.com\/de\/wp-json\/wp\/v2\/users\/2"}],"replies":[{"embeddable":true,"href":"https:\/\/www.europesays.com\/de\/wp-json\/wp\/v2\/comments?post=615195"}],"version-history":[{"count":0,"href":"https:\/\/www.europesays.com\/de\/wp-json\/wp\/v2\/posts\/615195\/revisions"}],"wp:featuredmedia":[{"embeddable":true,"href":"https:\/\/www.europesays.com\/de\/wp-json\/wp\/v2\/media\/615196"}],"wp:attachment":[{"href":"https:\/\/www.europesays.com\/de\/wp-json\/wp\/v2\/media?parent=615195"}],"wp:term":[{"taxonomy":"category","embeddable":true,"href":"https:\/\/www.europesays.com\/de\/wp-json\/wp\/v2\/categories?post=615195"},{"taxonomy":"post_tag","embeddable":true,"href":"https:\/\/www.europesays.com\/de\/wp-json\/wp\/v2\/tags?post=615195"}],"curies":[{"name":"wp","href":"https:\/\/api.w.org\/{rel}","templated":true}]}}