{"id":615250,"date":"2025-12-01T09:15:21","date_gmt":"2025-12-01T09:15:21","guid":{"rendered":"https:\/\/www.europesays.com\/de\/615250\/"},"modified":"2025-12-01T09:15:21","modified_gmt":"2025-12-01T09:15:21","slug":"sperrungen-sev-im-dezember-2025","status":"publish","type":"post","link":"https:\/\/www.europesays.com\/de\/615250\/","title":{"rendered":"Sperrungen, SEV im Dezember 2025"},"content":{"rendered":"<p>Fahrplan-\u00c4nderungen<\/p>\n<p>Zugausf\u00e4lle heute in SH: Bahn-Fahrplan-\u00c4nderungen im Dezember 2025<\/p>\n<p class=\"Textstyled__Text-sc-1cqv9mi-0 cLyiiX ArticleHeadstyled__ArticleSubHeadline-sc-tdzyy5-11 fXdZot\">Auf der Strecke zwischen Kiel und Pl\u00f6n kommt es aktuell im Dezember zu Zugausf\u00e4llen in Schleswig-Holstein. Wo Pendler au\u00dferdem mit Verz\u00f6gerungen aufgrund von Sperrungen und St\u00f6rungen bei der Bahn rechnen m\u00fcssen. Eine \u00dcbersicht \u00fcber aktuelle Fahrplan\u00e4nderungen und Ersatzverkehr.<\/p>\n<p class=\"Textstyled__Text-sc-1cqv9mi-0 cLyiiX\">Kiel. Im Dezember 2025 sowie den Folgemonaten im neuen Jahr m\u00fcssen sich Pendler wegen Bauarbeiten auf den Bahnstrecken in Schleswig-Holstein auf einige Einschr\u00e4nkungen im regionalen Zugverkehr von SH einstellen. Welche Z\u00fcge der Deutschen Bahn, Nordbahn, AKN und Erixx fallen heute aus? Auf welchen Strecken finden aktuell Zugausf\u00e4lle in Schleswig-Holstein statt? Ein \u00dcberblick der Zugausf\u00e4lle in SH.<\/p>\n<p>Weiterlesen nach der Anzeige<\/p>\n<p>Weiterlesen nach der Anzeige<\/p>\n<p>DB: Linien RE7 und RB81 betroffen<\/p>\n<p class=\"Textstyled__Text-sc-1cqv9mi-0 cLyiiX\">Im Dezember gibt es einige geplante Beeintr\u00e4chtigungen im Verkehr der Deutschen Bahn in <a href=\"https:\/\/www.kn-online.de\/schleswig-holstein\/\" target=\"_self\" data-vars-event-category=\"intext_link\" data-vars-event-action=\"click\" data-vars-event-label=\"https:\/\/www.kn-online.de\/schleswig-holstein\/\" rel=\"noopener\">Schleswig-Holstein<\/a>. Im Detail:<\/p>\n<ul class=\"Liststyled__UnorderedList-sc-1ck6pl2-1 iyAmNN\" data-testid=\"list\">\n<li class=\"ListItemstyled__ListItem-sc-u7ur86-0 cvVRXc\"><b>Heute bis 4. Dezember \u2013 RE7:<\/b> Die Z\u00fcge der Linie RE7 fallen in den Abend- und Nachtstunden zwischen Neum\u00fcnster und Flensburg aus.<\/li>\n<li class=\"ListItemstyled__ListItem-sc-u7ur86-0 cvVRXc\"><b>Heute bis 7. Dezember \u2013 RE7: <\/b>Von Montag, 24. November, bis Mittwoch, 26. November und 28. November bis zum 7. Dezember starten und enden einzelne Z\u00fcge der Linie RE7 abweichend in Pinneberg. Au\u00dferdem starten und enden die Z\u00fcge der Linie <b>RE70<\/b> abweichend in Hamburg-Altona, jeweils zwischen 21.30 und 23.30 Uhr.<\/li>\n<li class=\"ListItemstyled__ListItem-sc-u7ur86-0 cvVRXc\"><b>2. bis 11. Dezember \u2013 RB81:<\/b> Der Takt Hamburg Hauptbahnhof &#8211; Bargteheide entf\u00e4llt ab 21 Uhr bis zum Folgetag zwischen Hamburg Hauptbahnhof und Ahrensburg.<\/li>\n<li class=\"ListItemstyled__ListItem-sc-u7ur86-0 cvVRXc\"><b>11. bis 14. Dezember \u2013 RE7:<\/b> Die Z\u00fcge der Linie RE7 starten und enden abweichend in Pinneberg. Das gilt f\u00fcr den Zeitraum von Donnerstag 22 Uhr bis Sonntag 23.59 Uhr. Die Halte Hamburg Hauptbahnhof und Hamburg Dammtor werden nicht angefahren.<\/li>\n<li class=\"ListItemstyled__ListItem-sc-u7ur86-0 cvVRXc\"><b>12. bis 14. Dezember \u2013 RB81:<\/b> In den Abend- und Nachtstunden fallen die Z\u00fcge der Linie RB81 in unterschiedlichen Abschnitten aus.<\/li>\n<li class=\"ListItemstyled__ListItem-sc-u7ur86-0 cvVRXc\"><b>19. bis 21. Dezember \u2013 RE7:<\/b> In den Abend- und Nachtstunden fallen die Z\u00fcge der Linie RE7 zwischen Neum\u00fcnster und Flensburg aus. Ein Ersatzverkehr mit Bussen wird eingerichtet.<\/li>\n<\/ul>\n<p>Nordbahn: Zugausf\u00e4lle im Dezember<\/p>\n<p class=\"Textstyled__Text-sc-1cqv9mi-0 cLyiiX\">Im Dezember 2025 gibt es auf den Nordbahn-Strecken Zugausf\u00e4lle:<\/p>\n<p>Weiterlesen nach der Anzeige<\/p>\n<p>Weiterlesen nach der Anzeige<\/p>\n<ul class=\"Liststyled__UnorderedList-sc-1ck6pl2-1 iyAmNN\" data-testid=\"list\">\n<li class=\"ListItemstyled__ListItem-sc-u7ur86-0 cvVRXc\"><b>Heute bis 13. Dezember \u2013 RE74\/RB75:<\/b> Auf der Linie RE74 zwischen Kiel, Rendsburg und Husum sowie auf der Linie RB75 zwischen Kiel und Rendsburg kommt es fr\u00fchmorgens, abends und nachts zu Zugausf\u00e4llen und Fahrplan\u00e4nderungen. Ein Ersatzverkehr mit Bussen wird eingerichtet. <\/li>\n<li class=\"ListItemstyled__ListItem-sc-u7ur86-0 cvVRXc\"><b>Heute bis 13. Dezember &#8211; RE71\/RB61:<\/b> Aufgrund von Bauma\u00dfnahmen kommt es auf den Linien RE71 und RB61 zwischen Hamburg und Wrist\/Itzehoe abends, nachts und fr\u00fchmorgens zu Fahrplanabweichungen, Zugausf\u00e4lle und Ersatzverkehr. <\/li>\n<li class=\"ListItemstyled__ListItem-sc-u7ur86-0 cvVRXc\"><b>6. bis 7. Dezember &#8211; RE72\/RB73: <\/b>Wegen Instandhaltungsarbeiten auf der Strecke der RE72 und RB73 zwischen Kiel und Eckernf\u00f6rde, Rieseby und S\u00fcderbrarup f\u00e4hrt in der Nacht auf den 7. Dezember Ersatzverkehr.<\/li>\n<li class=\"ListItemstyled__ListItem-sc-u7ur86-0 cvVRXc\"><b>16. bis 18. Dezember &#8211; RE72\/RB73:<\/b> An den Gleisen der Linie RE72 und RB73 zwischen Kiel, Eckernf\u00f6rde und Flensburg finden zwischen 16. und 18. Dezember Instandhaltungsarbeiten statt. Abends, nachts und fr\u00fchmorgens kommt Ersatzverkehr zum Einsatz.<\/li>\n<\/ul>\n<p class=\"Textstyled__Text-sc-1cqv9mi-0 cLyiiX\">Die genauen Fahrpl\u00e4ne finden Sie auf der Seite: <a href=\"https:\/\/www.nordbahn.de\/reiseplanung\/eilmeldungen-sonderfahrplaene\/\" target=\"_self\" title=\"https:\/\/www.nordbahn.de\/reiseplanung\/eilmeldungen-sonderfahrplaene\/\" data-vars-event-category=\"intext_link\" data-vars-event-action=\"click\" data-vars-event-label=\"https:\/\/www.nordbahn.de\/reiseplanung\/eilmeldungen-sonderfahrplaene\/\" rel=\"noopener\">Nordbahn-Sonderfahrpl\u00e4ne<\/a>.<\/p>\n<p>Erixx: Zugausf\u00e4lle auf mehreren Linien<\/p>\n<p class=\"Textstyled__Text-sc-1cqv9mi-0 cLyiiX\">Aktuell gibt es folgende Beeintr\u00e4chtigungen auf den Linien von Erixx in Schleswig-Holstein:<\/p>\n<p>Weiterlesen nach der Anzeige<\/p>\n<p>Weiterlesen nach der Anzeige<\/p>\n<ul class=\"Liststyled__UnorderedList-sc-1ck6pl2-1 iyAmNN\" data-testid=\"list\">\n<li class=\"ListItemstyled__ListItem-sc-u7ur86-0 cvVRXc\"><b>Heute bis 4. Dezember \u2013 RE83:<\/b> Es kommt teilweise abends und nachts zu Zugausf\u00e4llen der Linie RE83 ab L\u00fcbeck Hauptbahnhof.<\/li>\n<li class=\"ListItemstyled__ListItem-sc-u7ur86-0 cvVRXc\"><b>10. bis 11. Dezember &#8211; RE83\/RB84:<\/b> In der Nacht auf den 11. Dezember kommt es auf der Linie der RE83 und RE84 zu n\u00e4chtlichen Teilausfall zwischen Kiel Hbf und P\u00f6nitz (Holst) und Kiel Hbf und L\u00fcbeck Hbf. Die Strecke wird wegen Instandhaltungsarbeiten gesperrt und die Fahrzeiten k\u00f6nnen sich zus\u00e4tzlich \u00e4ndern.<\/li>\n<\/ul>\n<p>AKN: Derzeit eine Baustelle in Ellerau<\/p>\n<p class=\"Textstyled__Text-sc-1cqv9mi-0 cLyiiX\">Auf den Strecken der AKN ist aktuell eine Baustelle gemeldet.<\/p>\n<ul class=\"Liststyled__UnorderedList-sc-1ck6pl2-1 iyAmNN\" data-testid=\"list\">\n<li class=\"ListItemstyled__ListItem-sc-u7ur86-0 cvVRXc\"><b>Heute bis auf Weiteres &#8211; A1: <\/b>Wegen Gleisarbeiten auf der Strecke A1 wird aus technischen Gr\u00fcnden ein Gleis im Bahnhof Ellerau gesperrt. Montags bis freitags f\u00e4hrt die AKN zwischen Quickborn und Ulzburg S\u00fcd bis etwa 22 Uhr alle 40 Minuten. Ein Ersatzverkehr mit Bussen ist eingerichtet. <\/li>\n<\/ul>\n<p class=\"Editorialstyled__Editorial-sc-1bfvh9l-0 cSmjnJ\">KN<\/p>\n","protected":false},"excerpt":{"rendered":"Fahrplan-\u00c4nderungen Zugausf\u00e4lle heute in SH: Bahn-Fahrplan-\u00c4nderungen im Dezember 2025 Auf der Strecke zwischen Kiel und Pl\u00f6n kommt es&hellip;\n","protected":false},"author":2,"featured_media":2081,"comment_status":"","ping_status":"","sticky":false,"template":"","format":"standard","meta":{"footnotes":""},"categories":[1852],"tags":[3364,29,548,663,3934,30,13,4949,14,15,12,1971],"class_list":{"0":"post-615250","1":"post","2":"type-post","3":"status-publish","4":"format-standard","5":"has-post-thumbnail","7":"category-kiel","8":"tag-de","9":"tag-deutschland","10":"tag-eu","11":"tag-europa","12":"tag-europe","13":"tag-germany","14":"tag-headlines","15":"tag-kiel","16":"tag-nachrichten","17":"tag-news","18":"tag-schlagzeilen","19":"tag-schleswig-holstein"},"share_on_mastodon":{"url":"https:\/\/pubeurope.com\/@de\/115643555955762565","error":""},"_links":{"self":[{"href":"https:\/\/www.europesays.com\/de\/wp-json\/wp\/v2\/posts\/615250","targetHints":{"allow":["GET"]}}],"collection":[{"href":"https:\/\/www.europesays.com\/de\/wp-json\/wp\/v2\/posts"}],"about":[{"href":"https:\/\/www.europesays.com\/de\/wp-json\/wp\/v2\/types\/post"}],"author":[{"embeddable":true,"href":"https:\/\/www.europesays.com\/de\/wp-json\/wp\/v2\/users\/2"}],"replies":[{"embeddable":true,"href":"https:\/\/www.europesays.com\/de\/wp-json\/wp\/v2\/comments?post=615250"}],"version-history":[{"count":0,"href":"https:\/\/www.europesays.com\/de\/wp-json\/wp\/v2\/posts\/615250\/revisions"}],"wp:featuredmedia":[{"embeddable":true,"href":"https:\/\/www.europesays.com\/de\/wp-json\/wp\/v2\/media\/2081"}],"wp:attachment":[{"href":"https:\/\/www.europesays.com\/de\/wp-json\/wp\/v2\/media?parent=615250"}],"wp:term":[{"taxonomy":"category","embeddable":true,"href":"https:\/\/www.europesays.com\/de\/wp-json\/wp\/v2\/categories?post=615250"},{"taxonomy":"post_tag","embeddable":true,"href":"https:\/\/www.europesays.com\/de\/wp-json\/wp\/v2\/tags?post=615250"}],"curies":[{"name":"wp","href":"https:\/\/api.w.org\/{rel}","templated":true}]}}