{"id":615272,"date":"2025-12-01T09:33:13","date_gmt":"2025-12-01T09:33:13","guid":{"rendered":"https:\/\/www.europesays.com\/de\/615272\/"},"modified":"2025-12-01T09:33:13","modified_gmt":"2025-12-01T09:33:13","slug":"madrid-koenigliche-kulisse-entzaubern-die-dfb-frauen-spanien","status":"publish","type":"post","link":"https:\/\/www.europesays.com\/de\/615272\/","title":{"rendered":"Madrid | K\u00f6nigliche Kulisse: Entzaubern die DFB-Frauen Spanien?"},"content":{"rendered":"<p>Madrid (dpa) &#8211; Sogar K\u00f6nig Felipe VI. kommt erstmals, um Spaniens Weltmeisterinnen zu unterst\u00fctzen. Die Beste fehlt dagegen: Weltfu\u00dfballerin Aitana Bonmat\u00ed erlitt im Training einen Wadenbeinbruch. Vor einer Rekordkulisse im Estadio Metropolitano werden die deutschen Fu\u00dfballerinnen im R\u00fcckspiel des Nations-League-Finales am Dienstag (18.30 Uhr\/ARD) wom\u00f6glich trotzdem viel leiden m\u00fcssen. \u00abDas zweite Spiel wird wieder extrem hart\u00bb, prophezeite Vizekapit\u00e4nin Janina Minge vor der anspruchsvollen Aufgabe in Madrid. \u00abAber ich bin v\u00f6llig davon \u00fcberzeugt, dass wir es schaffen k\u00f6nnen.\u00bb\u00a0<\/p>\n<p>Minge: \u00abNoch niemand hatte Spanien an so einem Punkt\u00bb<\/p>\n<p>Viel \u00abMut und Zuversicht\u00bb zog nicht nur die Wolfsburger Abwehrchefin aus dem 0:0 am Freitag in Kaiserslautern, das die Deutschen phasenweise extrem dominiert hatten: \u00abNoch niemand hatte Spanien an so einem Punkt, wie wir sie hatten.\u00bb Entzaubert das DFB-Team nun endg\u00fcltig die Tiki-Taka-Spezialistinnen, bei denen Barcelonas Starspielerin Aitana Bonmat\u00ed wegen ihrer bei einer \u00dcbungseinheit am Sonntag erlittenen Verletzung ausf\u00e4llt?<\/p>\n<p>Bei den Olympischen Spielen 2024 hatten die DFB-Frauen &#8211; vor allem dank eines gehaltenen Strafsto\u00dfes von Torh\u00fcterin Ann-Katrin Berger tief in der Nachspielzeit &#8211; Spanien Bronze weggeschnappt. Bei der EM diesen Sommer in der Schweiz musste sich der Favorit aus Spanien nach dem knappen Halbfinal-Erfolg gegen Deutschland dann im Endspiel &#8211; im Elfmeterschie\u00dfen &#8211; England geschlagen geben.<\/p>\n<p>Medienschelte im Land der Weltmeisterinnen\u00a0<\/p>\n<p>Und auf dem Betzenberg, da waren sich die spanischen Medien einig, zeigte das Team der neuen Trainerin Sonia Berm\u00fadez die schlechteste Leistung seit dem 0:4 gegen Japan bei der WM-Vorrunde 2023. \u00abEl Pa\u00eds\u00bb staunte dar\u00fcber, dass die deutschen Spielerinnen dem Team \u00abmit dem meisten Ballbesitz auf dem Planeten\u00bb immer wieder den Ball klaute und kaum etwas zulie\u00df.\u00a0<\/p>\n<p>\u00abEs ist wahr, dass wir viel gelitten haben und nicht das gespielt haben, was wir wollten. Aber ich bin mir sicher, dass wir es im Metropolitano mit unseren Leuten schaffen werden\u00bb, sagte Torh\u00fcterin Cata Coll. Bereits bis zum Wochenende waren 45.000 Tickets verkauft f\u00fcr die rund 70.000 Zuschauer fassende Arena von Atl\u00e9tico.<\/p>\n<p>Zum Vorjahresfinal-Sieg in der Nations League gegen Frankreich (2:0) in Sevilla waren 32.657 Fans gekommen, die bisherige Bestmarke des Frauen-Nationalteams f\u00fcr ein L\u00e4nderspiel in der Heimat. Die Spanierinnen haben seit Dezember 2023 beim \u00fcberraschenden 2:3 gegen Italien zu Hause nicht mehr verloren.\u00a0<\/p>\n<p>Erster Titel seit Olympia-Gold 2016?<\/p>\n<p>\u00abWir wollen unbedingt diesen Titel holen. Wir wollen unbedingt das weiterf\u00fchren, wo wir im Oktober 2024 begonnen haben\u00bb, sagte Bundestrainer Christian W\u00fcck. Bei seinem Traumdeb\u00fct damals in Wembley legten die DFB-Frauen ein furioses 4:3 gegen England hin. Ein gutes Jahr nach seinem Amtsantritt winkt seinem Team der erste Titel seit Olympia-Gold 2016 in Rio.<\/p>\n<p>\u00abWir wissen nat\u00fcrlich, dass wir keinen Zentimeter weniger gehen d\u00fcrfen im n\u00e4chsten Spiel und unsere Torchancen nat\u00fcrlich auch nutzen m\u00fcssen\u00bb, sagte Minge. Der Chancenwucher von Klara B\u00fchl und Co. und der verschenkte Sieg hatte im Fritz-Walter-Stadion f\u00fcr lange Gesichter bei den Spielerinnen um Kapit\u00e4nin Giulia Gwinn gesorgt.<\/p>\n<p>Bayerns schlechte Erfahrung mit Barcelona<\/p>\n<p>Die Ausgangslage, die eine bessere h\u00e4tte sein m\u00fcssen, spielt nun keine Rolle, findet B\u00fchl. \u00abNat\u00fcrlich h\u00e4tten wir uns einen kleinen Puffer auch noch erspielen k\u00f6nnen\u00bb, sagte die Fl\u00fcgelst\u00fcrmerin vom FC Bayern. \u00abAber ich glaube nicht, dass es das Spiel in Spanien so viel einfacher gemacht h\u00e4tte, ob wir jetzt hier 1:0 oder 0:0 spielen. So haben wir das klassische Finale und darauf freuen wir uns extrem.\u00bb\u00a0<\/p>\n<p>Gerade B\u00fchl wei\u00df sehr genau, dass es gegen die Ballzauberinnen auch anders laufen kann. In der Champions League hatte der FC Bayern Anfang Oktober ein 1:7 beim FC Barcelona kassiert.\u00a0<\/p>\n<p>Knaak: \u00abWollen da voll auf Sieg gehen\u00bb<\/p>\n<p>F\u00fcr Minge ist die Rechnung einfach: \u00abDas ist das eine Spiel, wo wir einfach ein Tor mehr schie\u00dfen m\u00fcssen als der Gegner.\u00bb Notfalls glaube sie auch an einen Sieg nach Verl\u00e4ngerung oder Elfmeterschie\u00dfen. \u00abWir wollen da voll auf Sieg gehen\u00bb, versprach Abwehrkollegin Rebecca Knaak. \u00abMan hat gesehen, was drin ist, was m\u00f6glich ist, und das wollen wir auch in Madrid auf dem Platz zeigen: dass wir das Finale gewinnen k\u00f6nnen\u00bb, sagte Mittelfeldspielerin Sjoeke N\u00fcsken.<\/p>\n","protected":false},"excerpt":{"rendered":"Madrid (dpa) &#8211; Sogar K\u00f6nig Felipe VI. kommt erstmals, um Spaniens Weltmeisterinnen zu unterst\u00fctzen. Die Beste fehlt dagegen:&hellip;\n","protected":false},"author":2,"featured_media":615273,"comment_status":"","ping_status":"","sticky":false,"template":"","format":"standard","meta":{"footnotes":""},"categories":[1841],"tags":[1605,3364,29,2665,3236,347,30,12830,10260,1209,4026],"class_list":{"0":"post-615272","1":"post","2":"type-post","3":"status-publish","4":"format-standard","5":"has-post-thumbnail","7":"category-bielefeld","8":"tag-bielefeld","9":"tag-de","10":"tag-deutschland","11":"tag-finale","12":"tag-frauen","13":"tag-fussball","14":"tag-germany","15":"tag-nationalteam","16":"tag-nations-league","17":"tag-nordrhein-westfalen","18":"tag-spanien"},"share_on_mastodon":{"url":"https:\/\/pubeurope.com\/@de\/115643626656190287","error":""},"_links":{"self":[{"href":"https:\/\/www.europesays.com\/de\/wp-json\/wp\/v2\/posts\/615272","targetHints":{"allow":["GET"]}}],"collection":[{"href":"https:\/\/www.europesays.com\/de\/wp-json\/wp\/v2\/posts"}],"about":[{"href":"https:\/\/www.europesays.com\/de\/wp-json\/wp\/v2\/types\/post"}],"author":[{"embeddable":true,"href":"https:\/\/www.europesays.com\/de\/wp-json\/wp\/v2\/users\/2"}],"replies":[{"embeddable":true,"href":"https:\/\/www.europesays.com\/de\/wp-json\/wp\/v2\/comments?post=615272"}],"version-history":[{"count":0,"href":"https:\/\/www.europesays.com\/de\/wp-json\/wp\/v2\/posts\/615272\/revisions"}],"wp:featuredmedia":[{"embeddable":true,"href":"https:\/\/www.europesays.com\/de\/wp-json\/wp\/v2\/media\/615273"}],"wp:attachment":[{"href":"https:\/\/www.europesays.com\/de\/wp-json\/wp\/v2\/media?parent=615272"}],"wp:term":[{"taxonomy":"category","embeddable":true,"href":"https:\/\/www.europesays.com\/de\/wp-json\/wp\/v2\/categories?post=615272"},{"taxonomy":"post_tag","embeddable":true,"href":"https:\/\/www.europesays.com\/de\/wp-json\/wp\/v2\/tags?post=615272"}],"curies":[{"name":"wp","href":"https:\/\/api.w.org\/{rel}","templated":true}]}}