{"id":615303,"date":"2025-12-01T09:57:21","date_gmt":"2025-12-01T09:57:21","guid":{"rendered":"https:\/\/www.europesays.com\/de\/615303\/"},"modified":"2025-12-01T09:57:21","modified_gmt":"2025-12-01T09:57:21","slug":"hza-du-das-hauptzollamt-duisburg-informiert-zollamt-emmerich-schliesst-am-05-12-2025","status":"publish","type":"post","link":"https:\/\/www.europesays.com\/de\/615303\/","title":{"rendered":"HZA-DU: Das Hauptzollamt Duisburg informiert: Zollamt Emmerich schlie\u00dft am 05.12.2025 &#8230;"},"content":{"rendered":"<p class=\"date\">01.12.2025 \u2013 10:00<\/p>\n<p class=\"customer\">\n                        <a class=\"story-customer\" title=\"weiter zum newsroom von Hauptzollamt Duisburg\" href=\"https:\/\/www.presseportal.de\/blaulicht\/nr\/121243\" rel=\"nofollow noopener\" target=\"_blank\">Hauptzollamt Duisburg<\/a>\n                    <\/p>\n<p><a class=\"glightbox event-trigger\" href=\"https:\/\/cache.pressmailing.net\/thumbnail\/story_hires\/a7063517-8983-4ca4-b435-96827fc3a3e7\/vor%C3%BCbergehendgeschlossen.jpg.jpg\" data-description=\"Quelle: Zoll, Archivbild\" data-category=\"medialightbox\" data-action=\"click\" data-label=\"single\" data-value=\"692d5913270000fd2c1f77f3\" rel=\"nofollow noopener\" target=\"_blank\"><img decoding=\"async\" height=\"540\" with=\"720\" src=\"https:\/\/www.europesays.com\/de\/wp-content\/uploads\/2025\/12\/hza-du-das-hauptzollamt-duisburg-informiert-zollamt-emmerich-schlie-t-am-05-12-2025-um-11-uhr.jpeg\"   alt=\"HZA-DU: Das Hauptzollamt Duisburg informiert: Zollamt Emmerich schlie\u00dft am 05.12.2025 um 11 Uhr\" class=\"single\"\/><\/a><\/p>\n<p><a data-category=\"citylink-story-view\" data-action=\"click\" data-label=\"Citylink in Meldungsansicht\" class=\"story-city event-trigger\" href=\"https:\/\/www.presseportal.de\/regional\/Emmerich%2C%20Kreis%20Kleve%2C%20Kreis%20Wesel\" title=\"News aus Emmerich, Kreis Kleve, Kreis Wesel \" rel=\"nofollow noopener\" target=\"_blank\">Emmerich, Kreis Kleve, Kreis Wesel<\/a> (ots)<\/p>\n<p>Am Freitag, den 05.12.2025, schlie\u00dft das Zollamt Emmerich bereits um 11 Uhr.<\/p>\n<p>Dringende Einfuhr- und Ausfuhrabfertigungen k\u00f6nnen beim Zollamt Straelen-Autobahn, Niederdorfer Str. 86, 47638 Straelen, zwischen 06:00 und 22:00 Uhr oder beim Zollamt Ruhrort, Ruhrorter Str. 158, 47119 Duisburg, zwischen 07:30 und 16:15 Uhr vorgenommen werden.<\/p>\n<p>Zahlungen in Kfz-Steuer Angelegenheiten k\u00f6nnen bei der Vollstreckungs- und Zahlstelle, Parkring 6, 46446 Emmerich am Rhein, get\u00e4tigt werden. Postabfertigungen k\u00f6nnen an diesem Tag nicht bearbeitet werden.<\/p>\n<p>Ab Montag, den 08.12.2025, ist das Zollamt Emmerich wieder zu den gewohnten \u00d6ffnungszeiten zu erreichen.<\/p>\n<p class=\"contact-headline\">R\u00fcckfragen bitte an:<\/p>\n<p class=\"contact-text\">Hauptzollamt Duisburg<br \/>Pressestelle<br \/>Telefon: 0203 \/ 6048 -1661, -1531 <br \/>E-Mail: <a href=\"https:\/\/www.presseportal.de\/blaulicht\/pm\/121243\/mailto: presse.hza-duisburg@zoll.bund.de\" class=\"uri-mailto\" rel=\"nofollow noopener\" target=\"_blank\"> presse.hza-duisburg@zoll.bund.de<\/a><br \/><a target=\"_blank\" class=\"uri-ext outbound\" rel=\"noopener nofollow\" href=\"https:\/\/www.zoll.de\">www.zoll.de<\/a><\/p>\n<p class=\"originator\">Original-Content von: Hauptzollamt Duisburg, \u00fcbermittelt durch news aktuell<\/p>\n","protected":false},"excerpt":{"rendered":"01.12.2025 \u2013 10:00 Hauptzollamt Duisburg Emmerich, Kreis Kleve, Kreis Wesel (ots) Am Freitag, den 05.12.2025, schlie\u00dft das Zollamt&hellip;\n","protected":false},"author":2,"featured_media":615304,"comment_status":"","ping_status":"","sticky":false,"template":"","format":"standard","meta":{"footnotes":""},"categories":[1838],"tags":[3364,29,3715,30,1209,176,178,180,179,181,615],"class_list":{"0":"post-615303","1":"post","2":"type-post","3":"status-publish","4":"format-standard","5":"has-post-thumbnail","7":"category-duisburg","8":"tag-de","9":"tag-deutschland","10":"tag-duisburg","11":"tag-germany","12":"tag-nordrhein-westfalen","13":"tag-nrw","14":"tag-presse","15":"tag-pressemeldung","16":"tag-pressemitteilung","17":"tag-pressemitteilungen","18":"tag-zoll"},"share_on_mastodon":{"url":"https:\/\/pubeurope.com\/@de\/115643721835090828","error":""},"_links":{"self":[{"href":"https:\/\/www.europesays.com\/de\/wp-json\/wp\/v2\/posts\/615303","targetHints":{"allow":["GET"]}}],"collection":[{"href":"https:\/\/www.europesays.com\/de\/wp-json\/wp\/v2\/posts"}],"about":[{"href":"https:\/\/www.europesays.com\/de\/wp-json\/wp\/v2\/types\/post"}],"author":[{"embeddable":true,"href":"https:\/\/www.europesays.com\/de\/wp-json\/wp\/v2\/users\/2"}],"replies":[{"embeddable":true,"href":"https:\/\/www.europesays.com\/de\/wp-json\/wp\/v2\/comments?post=615303"}],"version-history":[{"count":0,"href":"https:\/\/www.europesays.com\/de\/wp-json\/wp\/v2\/posts\/615303\/revisions"}],"wp:featuredmedia":[{"embeddable":true,"href":"https:\/\/www.europesays.com\/de\/wp-json\/wp\/v2\/media\/615304"}],"wp:attachment":[{"href":"https:\/\/www.europesays.com\/de\/wp-json\/wp\/v2\/media?parent=615303"}],"wp:term":[{"taxonomy":"category","embeddable":true,"href":"https:\/\/www.europesays.com\/de\/wp-json\/wp\/v2\/categories?post=615303"},{"taxonomy":"post_tag","embeddable":true,"href":"https:\/\/www.europesays.com\/de\/wp-json\/wp\/v2\/tags?post=615303"}],"curies":[{"name":"wp","href":"https:\/\/api.w.org\/{rel}","templated":true}]}}