{"id":615390,"date":"2025-12-01T10:53:14","date_gmt":"2025-12-01T10:53:14","guid":{"rendered":"https:\/\/www.europesays.com\/de\/615390\/"},"modified":"2025-12-01T10:53:14","modified_gmt":"2025-12-01T10:53:14","slug":"stand-up-comedy-von-samuel-sibilski-in-kiel-tabubruch-als-geschaeftsmodell","status":"publish","type":"post","link":"https:\/\/www.europesays.com\/de\/615390\/","title":{"rendered":"Stand-up-Comedy von Samuel Sibilski in Kiel: Tabubruch als Gesch\u00e4ftsmodell"},"content":{"rendered":"<p class=\"Textstyled__Text-sc-1cqv9mi-0 cLyiiX\">Kiel. Ein Der-traut-sich-was f\u00e4rbt das unterdr\u00fcckte Gel\u00e4chter im Saal der Kieler Pumpe. \u201eDas ist genau die Stimmung, auf die ich hinarbeite\u201c, sagt s\u00fcffisant l\u00e4chelnd Samuel Sibilksi. Da ist die Show \u201eReicht langsam!\u201c des Stand-up-Comedians etwa 20 Minuten alt. Ein schlau gew\u00e4hlter Titel. Das Gesch\u00e4ftsmodell von Sibilski, unter dem Pseudonym Ssynic einer der popul\u00e4rsten Battle-Rapper der Republik, ist der Tabubruch.<\/p>\n<p>Weiterlesen nach der Anzeige<\/p>\n<p>Weiterlesen nach der Anzeige<\/p>\n<p class=\"Textstyled__Text-sc-1cqv9mi-0 cLyiiX\">Der Sohn einer deutschen Mutter und eines aus Sierra Leone stammenden Vaters, geboren in D\u00fcsseldorf und in Berlin lebend, freut sich \u00fcber die aus seiner Sicht ansehnliche rund 100-k\u00f6pfige Schar im Saal. Doch statt Crowdworking setzt es beim 42-J\u00e4hrigen Crowdbashing. \u201eEin sehr wei\u00dfes Publikum\u201c sei das hier in Kiel, aber er habe auch \u201egar keine Lust auf Kanaken\u201c.<\/p>\n<p class=\"Textstyled__Text-sc-1cqv9mi-0 cLyiiX\">Etwa m\u00fcssen \u201edie zwei Lappen\u201c Ole und Karl hinten in den Reihen, beide Beamte, herhalten. \u201eWo ich herkomme, sind das peinliche Namen\u201c, sagt Sibilski und fragt Ole, wann er \u201edas letzte Mal gebumst\u201c habe. \u201eGestern\u201c, retourniert der forsch, wof\u00fcr Sibilski Applaus einfordert.<\/p>\n<p>Beschauliches Kiel, Dresden weniger<\/p>\n<p class=\"Textstyled__Text-sc-1cqv9mi-0 cLyiiX\">Kiel sei ja \u201eein beschauliches St\u00e4dtchen\u201c mit dem Weihnachtsmarkt, hat der Comedian nach seiner Ankunft am Hauptbahnhof festgestellt. Anders k\u00fcrzlich Dresden: \u201eIch mache ja auch rassistische Comedy, die haben Ironie ausgeblendet und an den falschen Stellen gelacht.\u201c <\/p>\n<p>Weiterlesen nach der Anzeige<\/p>\n<p>Weiterlesen nach der Anzeige<\/p>\n<p class=\"Textstyled__Text-sc-1cqv9mi-0 cLyiiX\">Kiel lacht offenbar an den richtigen, und wenn mal nicht ausreichend, steuert Sibilski ein kurzes, meckerndes Lachen bei. Selbstbewusst, nach eigener Einsch\u00e4tzung auch wegen seiner K\u00f6rper- (1,90 Meter) und dazu Penisgr\u00f6\u00dfe (ohne konkrete L\u00e4ngenangabe), \u00fcbt sich Sibilksi gen\u00fcsslich in Political Incorrectness.<\/p>\n<p class=\"Textstyled__Text-sc-1cqv9mi-0 cLyiiX\">\u201eIch hasse Zigeuner\u201c, sagt Sibilksi, nennt sie \u201emissgebildete Pandab\u00e4ren\u201c, meine allerdings ausdr\u00fccklich nicht Sinti und Roma. Letztens habe er \u201eeinen schwulen Bettler\u201c gesehen. Ob Schwule im Saal seien? Keiner meldet sich. \u201eIch habe eine nullprozentige Schwulenquote auf der Tour\u201c, frotzelt Sibilksi. Auch die Frauenquote im Publikum sei \u00fcbrigens gering.<\/p>\n<p>Samuel Sibilski: Scherze jenseits der Schmerzgrenze<\/p>\n<p class=\"Textstyled__Text-sc-1cqv9mi-0 cLyiiX\">Was nicht verwundert angesichts misogyner Scherze jenseits der Schmerzgrenze. Etwa wenn Sibilski schildert, wie er \u2013 ausnahmsweise im Vollrausch \u2013 mal versehentlich eine f\u00fcr ihn ebenfalls betrunkene k\u00f6rperbehinderte Frau aus der Disco f\u00fcr einen One-Night-Stand ins Hotelzimmer geschleppt habe. <\/p>\n<p>Weiterlesen nach der Anzeige<\/p>\n<p>Weiterlesen nach der Anzeige<\/p>\n<p class=\"Textstyled__Text-sc-1cqv9mi-0 cLyiiX\">Seltene Softness schleicht sich ins Programm, wenn Sibilksi auf die gemeinsame Tochter mit seiner Ex zu sprechen kommt. Seinem \u201eSonnenschein\u201c im Kindergartenalter geh\u00f6ren die letzten Worte des Abends, die der Comedian per Voicemail einspielt: \u201eIch w\u00fcnsch dir eine sch\u00f6ne Show \u2013 und denk ans Finanzamt.\u201c <\/p>\n<p class=\"Editorialstyled__Editorial-sc-1bfvh9l-0 cSmjnJ\">KN<\/p>\n","protected":false},"excerpt":{"rendered":"Kiel. Ein Der-traut-sich-was f\u00e4rbt das unterdr\u00fcckte Gel\u00e4chter im Saal der Kieler Pumpe. \u201eDas ist genau die Stimmung, auf&hellip;\n","protected":false},"author":2,"featured_media":615391,"comment_status":"","ping_status":"","sticky":false,"template":"","format":"standard","meta":{"footnotes":""},"categories":[1852],"tags":[3364,29,548,663,3934,30,13,4949,14,15,12,1971],"class_list":{"0":"post-615390","1":"post","2":"type-post","3":"status-publish","4":"format-standard","5":"has-post-thumbnail","7":"category-kiel","8":"tag-de","9":"tag-deutschland","10":"tag-eu","11":"tag-europa","12":"tag-europe","13":"tag-germany","14":"tag-headlines","15":"tag-kiel","16":"tag-nachrichten","17":"tag-news","18":"tag-schlagzeilen","19":"tag-schleswig-holstein"},"share_on_mastodon":{"url":"https:\/\/pubeurope.com\/@de\/115643941164047779","error":""},"_links":{"self":[{"href":"https:\/\/www.europesays.com\/de\/wp-json\/wp\/v2\/posts\/615390","targetHints":{"allow":["GET"]}}],"collection":[{"href":"https:\/\/www.europesays.com\/de\/wp-json\/wp\/v2\/posts"}],"about":[{"href":"https:\/\/www.europesays.com\/de\/wp-json\/wp\/v2\/types\/post"}],"author":[{"embeddable":true,"href":"https:\/\/www.europesays.com\/de\/wp-json\/wp\/v2\/users\/2"}],"replies":[{"embeddable":true,"href":"https:\/\/www.europesays.com\/de\/wp-json\/wp\/v2\/comments?post=615390"}],"version-history":[{"count":0,"href":"https:\/\/www.europesays.com\/de\/wp-json\/wp\/v2\/posts\/615390\/revisions"}],"wp:featuredmedia":[{"embeddable":true,"href":"https:\/\/www.europesays.com\/de\/wp-json\/wp\/v2\/media\/615391"}],"wp:attachment":[{"href":"https:\/\/www.europesays.com\/de\/wp-json\/wp\/v2\/media?parent=615390"}],"wp:term":[{"taxonomy":"category","embeddable":true,"href":"https:\/\/www.europesays.com\/de\/wp-json\/wp\/v2\/categories?post=615390"},{"taxonomy":"post_tag","embeddable":true,"href":"https:\/\/www.europesays.com\/de\/wp-json\/wp\/v2\/tags?post=615390"}],"curies":[{"name":"wp","href":"https:\/\/api.w.org\/{rel}","templated":true}]}}