{"id":615406,"date":"2025-12-01T11:02:14","date_gmt":"2025-12-01T11:02:14","guid":{"rendered":"https:\/\/www.europesays.com\/de\/615406\/"},"modified":"2025-12-01T11:02:14","modified_gmt":"2025-12-01T11:02:14","slug":"15-000-euro-sachschaden-nach-brand-in-karlsruher-suedstadt","status":"publish","type":"post","link":"https:\/\/www.europesays.com\/de\/615406\/","title":{"rendered":"15.000 Euro Sachschaden nach Brand in Karlsruher S\u00fcdstadt"},"content":{"rendered":"<p class=\"mb-6 text-xs md:text-m lg:text-l font-serif group-[.font-sans]:font-sans \">\n    In der Nacht zum ersten Advent, 29. November, dringt Rauch aus einer Wohnung in der R\u00fcppurrer Stra\u00dfe. Laut Informationen der Polizei Karlsruhe alarmierten Anwohner die Feuerwehr. Die betreffende Wohnung im ersten Obergeschoss hat zum Eintreffen der Einsatzkr\u00e4fte leer gestanden.\n  <\/p>\n<p>            Polizei ermittelt wegen fahrl\u00e4ssiger Brandstiftung<\/p>\n<p class=\"mb-6 text-xs md:text-m lg:text-l font-serif group-[.font-sans]:font-sans \">\n    Die Feuerwehr konnte den Brand schnell l\u00f6schen. Es gab keine Verletzten. Laut Polizei Karlsruhe entstand ein Sachschaden in Verbindung mit einem Wasserschaden in H\u00f6he von 15.000 Euro. Ausl\u00f6ser war wohl eine brennende Kerze. Die Polizei ermittelt nun wegen fahrl\u00e4ssiger Brandstiftung.\n  <\/p>\n<p class=\"mb-6 text-xs md:text-m lg:text-l font-serif group-[.font-sans]:font-sans \">\n     <a href=\"https:\/\/www.ka-news.de\/karlsruhe\/blaulicht\/feuer-rheinstetten-zerstoert-wohnhaus-und-sorgt-fuer-grosseinsatz-112875990\" target=\"_blank\" class=\"underline \" rel=\"noopener\">Am Mittwoch, 27. November, zerst\u00f6rte ein Brand an der Siemensstra\u00dfe in Karlsruhe alle Wohnungen im brennenden Geb\u00e4ude.<\/a>\n  <\/p>\n<ul data-module-id=\"DragDropModule\" class=\"flex flex-wrap justify-start group-[.no-bookmarks]:hidden\">\n<li class=\"mb-3 mr-3\">\n    Sarah-Christin Gro\u00dfmann<\/p>\n<p>      Icon Haken im Kreis gesetzt<\/p>\n<p>      Icon Plus im Kreis<\/p>\n<\/li>\n<li class=\"mb-3 mr-3\">\n    Karlsruhe<\/p>\n<p>      Icon Haken im Kreis gesetzt<\/p>\n<p>      Icon Plus im Kreis<\/p>\n<\/li>\n<li class=\"mb-3 mr-3\">\n    S\u00fcdstadt<\/p>\n<p>      Icon Haken im Kreis gesetzt<\/p>\n<p>      Icon Plus im Kreis<\/p>\n<\/li>\n<\/ul>\n","protected":false},"excerpt":{"rendered":"In der Nacht zum ersten Advent, 29. November, dringt Rauch aus einer Wohnung in der R\u00fcppurrer Stra\u00dfe. Laut&hellip;\n","protected":false},"author":2,"featured_media":615407,"comment_status":"","ping_status":"","sticky":false,"template":"","format":"standard","meta":{"footnotes":""},"categories":[1844],"tags":[95402,1634,3364,29,985,30,8903,121,13122,8979,5337],"class_list":{"0":"post-615406","1":"post","2":"type-post","3":"status-publish","4":"format-standard","5":"has-post-thumbnail","7":"category-karlsruhe","8":"tag-advent","9":"tag-baden-wuerttemberg","10":"tag-de","11":"tag-deutschland","12":"tag-feuerwehr","13":"tag-germany","14":"tag-karlsruhe","15":"tag-polizei","16":"tag-sachschaden","17":"tag-suedstadt","18":"tag-wohnungen"},"share_on_mastodon":{"url":"https:\/\/pubeurope.com\/@de\/115643976683021543","error":""},"_links":{"self":[{"href":"https:\/\/www.europesays.com\/de\/wp-json\/wp\/v2\/posts\/615406","targetHints":{"allow":["GET"]}}],"collection":[{"href":"https:\/\/www.europesays.com\/de\/wp-json\/wp\/v2\/posts"}],"about":[{"href":"https:\/\/www.europesays.com\/de\/wp-json\/wp\/v2\/types\/post"}],"author":[{"embeddable":true,"href":"https:\/\/www.europesays.com\/de\/wp-json\/wp\/v2\/users\/2"}],"replies":[{"embeddable":true,"href":"https:\/\/www.europesays.com\/de\/wp-json\/wp\/v2\/comments?post=615406"}],"version-history":[{"count":0,"href":"https:\/\/www.europesays.com\/de\/wp-json\/wp\/v2\/posts\/615406\/revisions"}],"wp:featuredmedia":[{"embeddable":true,"href":"https:\/\/www.europesays.com\/de\/wp-json\/wp\/v2\/media\/615407"}],"wp:attachment":[{"href":"https:\/\/www.europesays.com\/de\/wp-json\/wp\/v2\/media?parent=615406"}],"wp:term":[{"taxonomy":"category","embeddable":true,"href":"https:\/\/www.europesays.com\/de\/wp-json\/wp\/v2\/categories?post=615406"},{"taxonomy":"post_tag","embeddable":true,"href":"https:\/\/www.europesays.com\/de\/wp-json\/wp\/v2\/tags?post=615406"}],"curies":[{"name":"wp","href":"https:\/\/api.w.org\/{rel}","templated":true}]}}