{"id":615453,"date":"2025-12-01T11:30:17","date_gmt":"2025-12-01T11:30:17","guid":{"rendered":"https:\/\/www.europesays.com\/de\/615453\/"},"modified":"2025-12-01T11:30:17","modified_gmt":"2025-12-01T11:30:17","slug":"22-000-apfelbaeume-von-obsthof-hahne-gehaeckselt-uni-hannover-plant-pv","status":"publish","type":"post","link":"https:\/\/www.europesays.com\/de\/615453\/","title":{"rendered":"22.000 Apfelb\u00e4ume von Obsthof Hahne geh\u00e4ckselt: Uni Hannover plant PV"},"content":{"rendered":"<p>Die Leibniz Universit\u00e4t Hannover will die Fl\u00e4chen in Ruthe k\u00fcnftig f\u00fcr eine gro\u00dfe Freiland-Photovoltaikanlage nutzen, um ihre Energieversorgung st\u00e4rker auf erneuerbare Energien umzustellen.<br \/>Ein konkreter Zeitplan f\u00fcr den Bau steht noch nicht fest. F\u00fcr die Realisierung sind \u00c4nderungen des Fl\u00e4chennutzungsplans und ein Bebauungsplan n\u00f6tig, \u00fcber die die Stadt Sarstedt entscheiden muss. Sarstedt signalisiert grunds\u00e4tzlich Offenheit gegen\u00fcber den Pl\u00e4nen, aber verweist auf eine anstehende, genauere Pr\u00fcfung nach dem Einreichen des Uni-Vorhabens.<\/p>\n","protected":false},"excerpt":{"rendered":"Die Leibniz Universit\u00e4t Hannover will die Fl\u00e4chen in Ruthe k\u00fcnftig f\u00fcr eine gro\u00dfe Freiland-Photovoltaikanlage nutzen, um ihre Energieversorgung&hellip;\n","protected":false},"author":2,"featured_media":615454,"comment_status":"","ping_status":"","sticky":false,"template":"","format":"standard","meta":{"footnotes":""},"categories":[1836],"tags":[146140,3364,29,30,46,1411,130673],"class_list":{"0":"post-615453","1":"post","2":"type-post","3":"status-publish","4":"format-standard","5":"has-post-thumbnail","7":"category-hannover","8":"tag-apfelanbau","9":"tag-de","10":"tag-deutschland","11":"tag-germany","12":"tag-hannover","13":"tag-niedersachsen","14":"tag-obstbau"},"share_on_mastodon":{"url":"https:\/\/pubeurope.com\/@de\/115644086636980250","error":""},"_links":{"self":[{"href":"https:\/\/www.europesays.com\/de\/wp-json\/wp\/v2\/posts\/615453","targetHints":{"allow":["GET"]}}],"collection":[{"href":"https:\/\/www.europesays.com\/de\/wp-json\/wp\/v2\/posts"}],"about":[{"href":"https:\/\/www.europesays.com\/de\/wp-json\/wp\/v2\/types\/post"}],"author":[{"embeddable":true,"href":"https:\/\/www.europesays.com\/de\/wp-json\/wp\/v2\/users\/2"}],"replies":[{"embeddable":true,"href":"https:\/\/www.europesays.com\/de\/wp-json\/wp\/v2\/comments?post=615453"}],"version-history":[{"count":0,"href":"https:\/\/www.europesays.com\/de\/wp-json\/wp\/v2\/posts\/615453\/revisions"}],"wp:featuredmedia":[{"embeddable":true,"href":"https:\/\/www.europesays.com\/de\/wp-json\/wp\/v2\/media\/615454"}],"wp:attachment":[{"href":"https:\/\/www.europesays.com\/de\/wp-json\/wp\/v2\/media?parent=615453"}],"wp:term":[{"taxonomy":"category","embeddable":true,"href":"https:\/\/www.europesays.com\/de\/wp-json\/wp\/v2\/categories?post=615453"},{"taxonomy":"post_tag","embeddable":true,"href":"https:\/\/www.europesays.com\/de\/wp-json\/wp\/v2\/tags?post=615453"}],"curies":[{"name":"wp","href":"https:\/\/api.w.org\/{rel}","templated":true}]}}