{"id":615479,"date":"2025-12-01T11:44:18","date_gmt":"2025-12-01T11:44:18","guid":{"rendered":"https:\/\/www.europesays.com\/de\/615479\/"},"modified":"2025-12-01T11:44:18","modified_gmt":"2025-12-01T11:44:18","slug":"grosseinsatz-in-stuttgart-zeuge-filmt-mann-mit-grossem-messer-beim-milaneo-das-ist-auf-dem-video-zu-sehen","status":"publish","type":"post","link":"https:\/\/www.europesays.com\/de\/615479\/","title":{"rendered":"Gro\u00dfeinsatz in Stuttgart: Zeuge filmt Mann mit gro\u00dfem Messer beim Milaneo \u2013 das ist auf dem Video zu sehen"},"content":{"rendered":"<p>\t\t\t\t\t\t\t\t\t\t\t\t\t\t\t\t\t\t\t\t\t\t\t\t\t\t\t\t      \t\t            \t\t             \t\t\t\t   \t\t\t\t\t   <img decoding=\"async\" id=\"article-image\" fetchpriority=\"high\" alt=\"Gro\u00dfeinsatz  in Stuttgart: Zeuge filmt Mann mit gro\u00dfem Messer beim Milaneo \u2013 das ist auf dem Video zu sehen\" title=\"Gro\u00dfeinsatz  in Stuttgart: Zeuge filmt Mann mit gro\u00dfem Messer beim Milaneo \u2013 das ist auf dem Video zu sehen\" src=\"https:\/\/www.europesays.com\/de\/wp-content\/uploads\/2025\/12\/media.media.c81b7e02-8ce8-4565-a78c-6b9d3e4124d5.16x9_700.jpg\" data-linkto=\"https:\/\/www.stuttgarter-nachrichten.de\/javascript:void(0);\"\/>\t\t\t\t\t\t\t\t\t\t\t\t\t\t\t\t\t\t\t\t\t\t\t\tEin Mann mit einem Messer in der Garage unterhalb des Einkaufszentrums.\u00a0Foto: privat\t\t\t<\/p>\n<p>Die Polizei hat am Samstagabend einen Mann mit einem Messer nahe des Einkaufszentrums Milaneo festgenommen. Ein Zeuge filmte das Geschehen.<\/p>\n<p>Mit einem Gro\u00dfaufgebot ist die <a href=\"https:\/\/www.stuttgarter-nachrichten.de\/thema\/Polizei\" title=\"Polizei\" class=\"art_thema\" target=\"_blank\" rel=\"noopener\">Polizei<\/a> am Samstagabend zum Stuttgarter <a href=\"https:\/\/www.stuttgarter-nachrichten.de\/thema\/Einkaufszentrum\" title=\"Einkaufszentrum\" class=\"art_thema\" target=\"_blank\" rel=\"noopener\">Einkaufszentrum<\/a> <a href=\"https:\/\/www.stuttgarter-nachrichten.de\/thema\/Milaneo\" title=\"Milaneo\" class=\"art_thema\" target=\"_blank\" rel=\"noopener\">Milaneo<\/a> ausger\u00fcckt. Dort war ein <a href=\"https:\/\/www.stuttgarter-nachrichten.de\/inhalt.milaneo-stuttgart-grosseinsatz-polizei-machete.6e94f47c-1afa-4b45-97b5-688e568a0df0.html\" target=\"_blank\" rel=\"noopener\">Mann mit einer Stichwaffe<\/a> unterwegs. Ein Zeuge filmte den <a href=\"https:\/\/www.stuttgarter-nachrichten.de\/thema\/Einsatz\" title=\"Einsatz\" class=\"art_thema\" target=\"_blank\" rel=\"noopener\">Einsatz<\/a>, bei dem zwei Beamte ihre Waffen z\u00fcckten. Die Polizei nahm den Mann anschlie\u00dfend fest. <\/p>\n<p> Hier sehen Sie den Polizeieinsatz am Samstag im Video:  <\/p>\n<p>Ein Zeuge, der zuf\u00e4llig vor Ort war, filmte den Vorfall, der sich unterhalb des Einkaufszentrums abspielte. Weitere Details und etwaige Hintergr\u00fcnde nannte die Polizei am Montagmorgen zun\u00e4chst nicht. Berichte \u00fcber Verletzte gab es bislang nicht. <\/p>\n<p>Auch im Milaneo bekamen die Besucherinnen und Besucher offenbar nichts von dem Vorfall mit. Das Einkaufszentrum war am Samstagabend vor dem ersten Advent gut besucht, teilte das Centermanagement auf Nachfrage mit. <\/p>\n","protected":false},"excerpt":{"rendered":"Ein Mann mit einem Messer in der Garage unterhalb des Einkaufszentrums.\u00a0Foto: privat Die Polizei hat am Samstagabend einen&hellip;\n","protected":false},"author":2,"featured_media":615480,"comment_status":"","ping_status":"","sticky":false,"template":"","format":"standard","meta":{"footnotes":""},"categories":[1830],"tags":[1634,3364,29,10541,588,30,3786,3441,1981,24380,121,18072,1441,5329],"class_list":{"0":"post-615479","1":"post","2":"type-post","3":"status-publish","4":"format-standard","5":"has-post-thumbnail","7":"category-stuttgart","8":"tag-baden-wuerttemberg","9":"tag-de","10":"tag-deutschland","11":"tag-einkaufszentrum","12":"tag-einsatz","13":"tag-germany","14":"tag-grosseinsatz","15":"tag-machete","16":"tag-messer","17":"tag-milaneo","18":"tag-polizei","19":"tag-polizei-stuttgart","20":"tag-stuttgart","21":"tag-video"},"share_on_mastodon":{"url":"https:\/\/pubeurope.com\/@de\/115644142334736552","error":""},"_links":{"self":[{"href":"https:\/\/www.europesays.com\/de\/wp-json\/wp\/v2\/posts\/615479","targetHints":{"allow":["GET"]}}],"collection":[{"href":"https:\/\/www.europesays.com\/de\/wp-json\/wp\/v2\/posts"}],"about":[{"href":"https:\/\/www.europesays.com\/de\/wp-json\/wp\/v2\/types\/post"}],"author":[{"embeddable":true,"href":"https:\/\/www.europesays.com\/de\/wp-json\/wp\/v2\/users\/2"}],"replies":[{"embeddable":true,"href":"https:\/\/www.europesays.com\/de\/wp-json\/wp\/v2\/comments?post=615479"}],"version-history":[{"count":0,"href":"https:\/\/www.europesays.com\/de\/wp-json\/wp\/v2\/posts\/615479\/revisions"}],"wp:featuredmedia":[{"embeddable":true,"href":"https:\/\/www.europesays.com\/de\/wp-json\/wp\/v2\/media\/615480"}],"wp:attachment":[{"href":"https:\/\/www.europesays.com\/de\/wp-json\/wp\/v2\/media?parent=615479"}],"wp:term":[{"taxonomy":"category","embeddable":true,"href":"https:\/\/www.europesays.com\/de\/wp-json\/wp\/v2\/categories?post=615479"},{"taxonomy":"post_tag","embeddable":true,"href":"https:\/\/www.europesays.com\/de\/wp-json\/wp\/v2\/tags?post=615479"}],"curies":[{"name":"wp","href":"https:\/\/api.w.org\/{rel}","templated":true}]}}