{"id":615639,"date":"2025-12-01T13:18:21","date_gmt":"2025-12-01T13:18:21","guid":{"rendered":"https:\/\/www.europesays.com\/de\/615639\/"},"modified":"2025-12-01T13:18:21","modified_gmt":"2025-12-01T13:18:21","slug":"mann-aus-hamburg-in-seevetal-getoetet-polizei-vermutet-privates-umfeld","status":"publish","type":"post","link":"https:\/\/www.europesays.com\/de\/615639\/","title":{"rendered":"Mann aus Hamburg in Seevetal get\u00f6tet \u2013 Polizei vermutet privates Umfeld"},"content":{"rendered":"<p>Attacke in Seevetal <\/p>\n<p>Mann mit Messer get\u00f6tet \u2013 Umfeld unter Verdacht<\/p>\n<p>01.12.2025 &#8211; 14:11 UhrLesedauer: 1 Min.<\/p>\n<p><a href=\"#focus-0\" class=\"transition-colors duration-200 block text-current relative\" data-sctrack=\"FocusGalleryImage.Reference\"><img fetchpriority=\"high\" data-testid=\"Opener.Image\" style=\"--lqipURL:url('https:\/\/images.t-online.de\/2025\/12\/7IBobySA0FL5\/0x364:3500x1969\/fit-in\/150x0\/filters:blur(25)\/ein-ermittler-sichert-spuren-am-tatort-nach-dem-tod-eines-hamburgers-in-seevetal-aeusserte-die-polizei-einen-ersten-verdacht.jpg')\"   loading=\"eager\" src=\"https:\/\/www.europesays.com\/de\/wp-content\/uploads\/2025\/12\/ein-ermittler-sichert-spuren-am-tatort-nach-dem-tod-eines-hamburgers-in-seevetal-aeusserte-die-poliz.jpeg\" alt=\"Ein Ermittler sichert Spuren am Tatort: Nach dem Tod eines Hamburgers in Seevetal \u00e4u\u00dferte die Polizei einen ersten Verdacht.\" title=\"Ein Ermittler sichert Spuren am Tatort: Nach dem Tod eines Hamburgers in Seevetal \u00e4u\u00dferte die Polizei einen ersten Verdacht.\" width=\"3500\" height=\"1969\" class=\"bg-[url:var(--lqipURL)] bg-cover bg-center flex h-full w-full max-w-full\" decoding=\"async\"\/><img style=\"--width:32;--height:32\" loading=\"lazy\" src=\"https:\/\/hamburg.t-online.de\/s\/paper\/_next\/static\/media\/zoom-in.f7dae02f.svg\" alt=\"Vergr\u00f6\u00dfern des Bildes\" title=\"Vergr\u00f6\u00dfern des Bildes\" class=\"block h-[calc(var(--height)_\/_16_*_1rem)] w-[calc(var(--width)_\/_16_*_1rem)] max-w-none absolute bottom-8 right-8 rounded-4 bg-snow p-8\" decoding=\"async\"\/><\/a><\/p>\n<p>Ein Ermittler sichert Spuren am Tatort: Nach dem Tod eines Hamburgers in Seevetal \u00e4u\u00dferte die Polizei einen ersten Verdacht. (Quelle: JOTO)<\/p>\n<p class=\"font-bold text-18 leading-17\">Am Wochenende ist ein Mann bei Hamburg auf offener Stra\u00dfe verstorben. Die Obduktion best\u00e4tigte nun: Er wurde durch ein Messer get\u00f6tet.<\/p>\n<p class=\"text-18 leading-17\">Der 31-j\u00e4hrige Hamburger, der leblos in Seevetal-Meckelfeld gefunden wurde, starb durch mehrere Messerstiche. Das teilte die Polizei am Montag mit. Die Rechtsmedizin best\u00e4tigte demzufolge den Tod durch Messerstiche.<\/p>\n<p class=\"text-18 leading-17\">Der Angriff ereignete sich nach Polizeiangaben vermutlich in einer Seitenstra\u00dfe. Das Opfer bewegte sich danach noch fort und brach auf der Fahrbahn einer nahegelegenen Stra\u00dfe zusammen.<\/p>\n<p class=\"text-18 leading-17\">Die Ermittler vermuten die Hintergr\u00fcnde der Tat im privaten Umfeld des Opfers. Nach dem Fund sperrten Einsatzkr\u00e4fte den Bereich ab und durchsuchten die Umgebung mit Polizeihunden. Die Ermittlungen zu Tatumst\u00e4nden und T\u00e4ter laufen weiter.<\/p>\n","protected":false},"excerpt":{"rendered":"Attacke in Seevetal Mann mit Messer get\u00f6tet \u2013 Umfeld unter Verdacht 01.12.2025 &#8211; 14:11 UhrLesedauer: 1 Min. Ein&hellip;\n","protected":false},"author":2,"featured_media":615640,"comment_status":"","ping_status":"","sticky":false,"template":"","format":"standard","meta":{"footnotes":""},"categories":[1826],"tags":[722,17161,3110,29,30,692,2841,2842,12251,121,56894,146168,218],"class_list":{"0":"post-615639","1":"post","2":"type-post","3":"status-publish","4":"format-standard","5":"has-post-thumbnail","7":"category-hamburg","8":"tag-722","9":"tag-17161","10":"tag-attacke","11":"tag-deutschland","12":"tag-germany","13":"tag-hamburg","14":"tag-messerangriff","15":"tag-messerattacke","16":"tag-obduktion","17":"tag-polizei","18":"tag-seevetal","19":"tag-seevetal-meckelfeld","20":"tag-tatort"},"share_on_mastodon":{"url":"https:\/\/pubeurope.com\/@de\/115644513285959788","error":""},"_links":{"self":[{"href":"https:\/\/www.europesays.com\/de\/wp-json\/wp\/v2\/posts\/615639","targetHints":{"allow":["GET"]}}],"collection":[{"href":"https:\/\/www.europesays.com\/de\/wp-json\/wp\/v2\/posts"}],"about":[{"href":"https:\/\/www.europesays.com\/de\/wp-json\/wp\/v2\/types\/post"}],"author":[{"embeddable":true,"href":"https:\/\/www.europesays.com\/de\/wp-json\/wp\/v2\/users\/2"}],"replies":[{"embeddable":true,"href":"https:\/\/www.europesays.com\/de\/wp-json\/wp\/v2\/comments?post=615639"}],"version-history":[{"count":0,"href":"https:\/\/www.europesays.com\/de\/wp-json\/wp\/v2\/posts\/615639\/revisions"}],"wp:featuredmedia":[{"embeddable":true,"href":"https:\/\/www.europesays.com\/de\/wp-json\/wp\/v2\/media\/615640"}],"wp:attachment":[{"href":"https:\/\/www.europesays.com\/de\/wp-json\/wp\/v2\/media?parent=615639"}],"wp:term":[{"taxonomy":"category","embeddable":true,"href":"https:\/\/www.europesays.com\/de\/wp-json\/wp\/v2\/categories?post=615639"},{"taxonomy":"post_tag","embeddable":true,"href":"https:\/\/www.europesays.com\/de\/wp-json\/wp\/v2\/tags?post=615639"}],"curies":[{"name":"wp","href":"https:\/\/api.w.org\/{rel}","templated":true}]}}