{"id":615706,"date":"2025-12-01T14:00:20","date_gmt":"2025-12-01T14:00:20","guid":{"rendered":"https:\/\/www.europesays.com\/de\/615706\/"},"modified":"2025-12-01T14:00:20","modified_gmt":"2025-12-01T14:00:20","slug":"stadt-wuppertal-sucht-baugrundstuecke-im-stadtteil-barmen","status":"publish","type":"post","link":"https:\/\/www.europesays.com\/de\/615706\/","title":{"rendered":"Stadt Wuppertal sucht Baugrundst\u00fccke im Stadtteil Barmen"},"content":{"rendered":"<p class=\"text_ohne_einzug richtext text-em-55 !leading-serif mx-6 desktop:mx-0\">Grundst\u00fcckseigent\u00fcmer in Wuppertal-Barmen bekommen jetzt Post von der Stadt. Und zwar dann, wenn sie ein unbebautes Grundst\u00fcck im Bezirk haben.<\/p>\n<p class=\"richtext text-em-55 !leading-serif mx-6 desktop:mx-0\">Der Grund: Die Stadt m\u00f6chte die starke Nachfrage nach Baugrundst\u00fccken f\u00fcr Wohnbebauung so weit wie m\u00f6glich in schon erschlossene Siedlungsbereiche lenken. Dies entspricht auch der im Baugesetzbuch verankerten Zielvorgabe des Vorrangs der Innenentwicklung. Deshalb hat die Stadt alle Baupl\u00e4tze erhoben, die im Stadtgebiet von Barmen mit Wohnungen bebaut werden k\u00f6nnen, und daraus ein nicht \u00f6ffentliches Baul\u00fccken-Kataster erstellt.<\/p>\n<p class=\"richtext text-em-55 !leading-serif mx-6 desktop:mx-0\">Jetzt werden die Eigent\u00fcmer darum gebeten, einen Fragebogen auszuf\u00fcllen und mitzuteilen, ob sie sich eine Bebauung ihres Grundst\u00fccks vorstellen k\u00f6nnen. Den Eigent\u00fcmern bietet die Stadt im Gegenzug ein Beratungsgespr\u00e4ch durch Mitarbeiterinnen der Abteilung Stadtentwicklung an.<\/p>\n<p class=\"richtext text-em-55 !leading-serif mx-6 desktop:mx-0\">Auf wuppertal.de\/bauluecken k\u00f6nnen auch Eigent\u00fcmer einen Online-Fragebogen ausf\u00fcllen, die nicht angeschrieben wurden, wenn sie eine Baul\u00fccke in Barmen besitzen und Interesse an einer Beratung zu Bebauungs- oder Erg\u00e4nzungsm\u00f6glichkeiten haben.<\/p>\n<p class=\"richtext text-em-55 !leading-serif mx-6 desktop:mx-0\">Die Stadt hatte 2021 in Ronsdorf ein Pilotprojekt zur Baul\u00fcckenaktivierung gestartet. Die Ergebnisse waren positiv: Die Resonanz auf die Bitte der Stadt war ebenso gut wie die Nachfrage nach Beratung. Nach Ronsdorf wurden ebenso erfolgreich Eigent\u00fcmer freier Grundst\u00fccke in den Bezirken Uellendahl-Katernberg, Vohwinkel, Cronenberg, Elberfeld-West und Heckinghausen angeschrieben. Jetzt folgt der Projektstart in Barmen. Damit setzt die Stadt ihr Innenentwicklungskonzept um, das der Rat 2020 beschlossen hat.<\/p>\n","protected":false},"excerpt":{"rendered":"Grundst\u00fcckseigent\u00fcmer in Wuppertal-Barmen bekommen jetzt Post von der Stadt. Und zwar dann, wenn sie ein unbebautes Grundst\u00fcck im&hellip;\n","protected":false},"author":2,"featured_media":615707,"comment_status":"","ping_status":"","sticky":false,"template":"","format":"standard","meta":{"footnotes":""},"categories":[1840],"tags":[70799,17463,19022,146174,70800,55275,3364,29,3769,68800,30,4732,19015,146176,70803,1209,18349,2804,146175,5337,4418],"class_list":{"0":"post-615706","1":"post","2":"type-post","3":"status-publish","4":"format-standard","5":"has-post-thumbnail","7":"category-wuppertal","8":"tag-angeschrieben","9":"tag-barmen","10":"tag-baugrundstuecken","11":"tag-bauplaetze","12":"tag-bebaut","13":"tag-cronenberg-wuppertal","14":"tag-de","15":"tag-deutschland","16":"tag-eigentuemer","17":"tag-erhoben","18":"tag-germany","19":"tag-grund","20":"tag-grundstueck","21":"tag-grundstuecks","22":"tag-grundstueckseigentuemer","23":"tag-nordrhein-westfalen","24":"tag-ronsdorf","25":"tag-stadtgebiet","26":"tag-unbebautes","27":"tag-wohnungen","28":"tag-wuppertal"},"share_on_mastodon":{"url":"https:\/\/pubeurope.com\/@de\/115644676445712690","error":""},"_links":{"self":[{"href":"https:\/\/www.europesays.com\/de\/wp-json\/wp\/v2\/posts\/615706","targetHints":{"allow":["GET"]}}],"collection":[{"href":"https:\/\/www.europesays.com\/de\/wp-json\/wp\/v2\/posts"}],"about":[{"href":"https:\/\/www.europesays.com\/de\/wp-json\/wp\/v2\/types\/post"}],"author":[{"embeddable":true,"href":"https:\/\/www.europesays.com\/de\/wp-json\/wp\/v2\/users\/2"}],"replies":[{"embeddable":true,"href":"https:\/\/www.europesays.com\/de\/wp-json\/wp\/v2\/comments?post=615706"}],"version-history":[{"count":0,"href":"https:\/\/www.europesays.com\/de\/wp-json\/wp\/v2\/posts\/615706\/revisions"}],"wp:featuredmedia":[{"embeddable":true,"href":"https:\/\/www.europesays.com\/de\/wp-json\/wp\/v2\/media\/615707"}],"wp:attachment":[{"href":"https:\/\/www.europesays.com\/de\/wp-json\/wp\/v2\/media?parent=615706"}],"wp:term":[{"taxonomy":"category","embeddable":true,"href":"https:\/\/www.europesays.com\/de\/wp-json\/wp\/v2\/categories?post=615706"},{"taxonomy":"post_tag","embeddable":true,"href":"https:\/\/www.europesays.com\/de\/wp-json\/wp\/v2\/tags?post=615706"}],"curies":[{"name":"wp","href":"https:\/\/api.w.org\/{rel}","templated":true}]}}