{"id":615785,"date":"2025-12-01T14:45:21","date_gmt":"2025-12-01T14:45:21","guid":{"rendered":"https:\/\/www.europesays.com\/de\/615785\/"},"modified":"2025-12-01T14:45:21","modified_gmt":"2025-12-01T14:45:21","slug":"was-pendler-zum-fahrplanwechsel-im-nordwesten-wissen-muessen","status":"publish","type":"post","link":"https:\/\/www.europesays.com\/de\/615785\/","title":{"rendered":"Was Pendler zum Fahrplanwechsel im Nordwesten wissen m\u00fcssen"},"content":{"rendered":"<p _ngcontent-sc113=\"\"> 01. Dezember 2025 \u2013 Chiara-Lee Haartje <\/p>\n<p _ngcontent-sc113=\"\">Ab dem 14. Dezember<\/p>\n<p _ngcontent-sc113=\"\">Zum Fahrplanwechsel am 14. Dezember m\u00fcssen Pendler im Nordwesten mit \u00c4nderungen rechnen. In Hamburg fallen Regionalz\u00fcge aus, anderswo wird das Angebot erweitert. Die LNVG warnt vor Nachteilen f\u00fcr den Nahverkehr.<\/p>\n<p _ngcontent-sc85=\"\" align=\"false\">Zum europaweiten Fahrplanwechsel am 14. Dezember treten im nieders\u00e4chsischen Regionalverkehr zahlreiche Neuerungen in Kraft. Neben zus\u00e4tzlichen Angeboten auf einigen Strecken kommt es auch zu Einschr\u00e4nkungen, besonders in Hamburg.<\/p>\n<p>Fernverkehr verdr\u00e4ngt Regionalz\u00fcge in Hamburg<\/p>\n<p _ngcontent-sc85=\"\" align=\"false\">Nach Angaben der Landesnahverkehrsgesellschaft Niedersachsen (LNVG) k\u00f6nnen k\u00fcnftig vier Regionalz\u00fcge der Linie RB 31 nicht mehr am Hamburger Hauptbahnhof starten, sondern erst in Hamburg-Harburg. Grund daf\u00fcr sei ein erweitertes Fernverkehrsangebot, das Bahnsteigkapazit\u00e4ten blockiere.<\/p>\n<p _ngcontent-sc85=\"\" align=\"false\">LNVG-Gesch\u00e4ftsf\u00fchrerin Carmen Schwabl kritisierte, neue Fernz\u00fcge \u201ebesetzten\u201c die Bahnsteige und etablierten Regionalverbindungen fielen dadurch weg. Da nach Regeln der DB InfraGO Fernz\u00fcge Vorrang haben, drohe der Nahverkehr ins Hintertreffen zu geraten. Der Bund m\u00fcsse \u201efaire Regeln\u201c schaffen, so Schwabl.<\/p>\n<p>Hohe Kosten f\u00fcr den Regionalverkehr<\/p>\n<p _ngcontent-sc85=\"\" align=\"false\">Die LNVG plant und bestellt den Regionalverkehr f\u00fcr gro\u00dfe Teile Niedersachsens. Sie geh\u00f6rt zu 100 Prozent dem Land, das im kommenden Jahr nach eigenen Angaben rund 600 Millionen Euro f\u00fcr Zugleistungen ausgeben wird.<\/p>\n<p>Weitere News On Air<\/p>\n<p _ngcontent-sc85=\"\" align=\"false\">Weitere Nachrichten aus Hamburg, Deutschland und der Welt h\u00f6rt ihr immer zur vollen Stunde bei uns im Programm. Holt euch einfach unsere <a _ngcontent-sc133=\"\" href=\"https:\/\/www.radiohamburg.de\/programm\/frequenzen\/Streamen-%C3%BCber-die-App-id388032.html\" rel=\"nofollow noopener\" target=\"_blank\">kostenlose App<\/a>, h\u00f6rt uns \u00fcber euren <a _ngcontent-sc133=\"\" href=\"https:\/\/www.radiohamburg.de\/programm\/frequenzen\/Alexa-spiele-Radio-Hamburg-id387722.html\" rel=\"nofollow noopener\" target=\"_blank\">Smartspeaker<\/a> oder schaltet mit einem Klick unten auf den Playbutton das Webradio ein. Zum Nachh\u00f6ren gibt&#8217;s das Ganze nat\u00fcrlich auch noch mal als <a _ngcontent-sc133=\"\" href=\"https:\/\/www.radiohamburg.de\/hoeren\/podcasts\/Radio-Hamburg-Nachrichten-id388455.html\" rel=\"nofollow noopener\" target=\"_blank\">Podcastangebot<\/a>.<\/p>\n<p><img decoding=\"async\" _ngcontent-sc130=\"\" class=\"\" src=\"https:\/\/www.europesays.com\/de\/wp-content\/uploads\/2025\/04\/app.jpg\" alt=\"App, App Store, iOS, Play Store, Google\" title=\"App, App Store, iOS, Play Store, Google\"\/><\/p>\n<p>Foto: Bloomicon \/ Shutterstock.com<\/p>\n<p> F\u00fcr iOS &amp; Android <\/p>\n<p>Holt euch die kostenlose Radio Hamburg App<\/p>\n<p _ngcontent-sc85=\"\" align=\"false\">H\u00f6rt uns an jedem Ort auf der Welt in bester Qualit\u00e4t &amp; st\u00f6rungsfrei \u00fcber unsere kostenlose App. Holt sie euch jetzt f\u00fcr Android oder iOS.<\/p>\n","protected":false},"excerpt":{"rendered":"01. Dezember 2025 \u2013 Chiara-Lee Haartje Ab dem 14. Dezember Zum Fahrplanwechsel am 14. Dezember m\u00fcssen Pendler im&hellip;\n","protected":false},"author":2,"featured_media":615786,"comment_status":"","ping_status":"","sticky":false,"template":"","format":"standard","meta":{"footnotes":""},"categories":[1826],"tags":[146220,146213,146215,146198,125706,73595,146205,146202,29,146197,146207,146222,146190,146191,125714,146221,30,692,146201,146217,146193,146199,146214,146206,146224,146200,146216,146194,146195,146209,146210,146211,146196,146218,146192,146203,146223,146212,146208,90271,146219,146204,146225],"class_list":{"0":"post-615785","1":"post","2":"type-post","3":"status-publish","4":"format-standard","5":"has-post-thumbnail","7":"category-hamburg","8":"tag-bahnaenderungen-dezember","9":"tag-bahnangebot-nordwesten","10":"tag-bahnnews-niedersachsen","11":"tag-bahnsteigkapazitaet-hamburg","12":"tag-bahnverkehr-hamburg","13":"tag-bahnverkehr-norddeutschland","14":"tag-bremen-osnabrueck-re1","15":"tag-db-infrago-regeln","16":"tag-deutschland","17":"tag-expresskreuz-niedersachsen","18":"tag-faehre-norderney-anschluss","19":"tag-fahrplanaenderungen-2024","20":"tag-fahrplanwechsel-niedersachsen","21":"tag-fahrplanwechsel-nordwesten","22":"tag-fernverkehr-hamburg","23":"tag-fernverkehr-verdraengt-nahverkehr","24":"tag-germany","25":"tag-hamburg","26":"tag-hamburg-harburg-regionalzug","27":"tag-lnvg-kritik-fernverkehr","28":"tag-lnvg-niedersachsen","29":"tag-nahverkehr-niedersachsen","30":"tag-niedersachsens-zugangebot","31":"tag-norddeich-mole-zug","32":"tag-norderney-anschlusszuege","33":"tag-pendler-norddeutschland","34":"tag-pendlerinfo-fahrplanwechsel","35":"tag-rb31-hamburg","36":"tag-re1-niedersachsen","37":"tag-re11-goettingen","38":"tag-re2-erfurt","39":"tag-re8-halle-kassel","40":"tag-re9-niedersachsen","41":"tag-regionalbahn-hamburg-einschraenkungen","42":"tag-regionalverkehr-niedersachsen","43":"tag-regionalzugaenderungen","44":"tag-regionalzuege-nordwesten","45":"tag-stundentakt-goettingen","46":"tag-suedniedersachsen-bahn","47":"tag-zugausfaelle-hamburg","48":"tag-zugleistungen-niedersachsen","49":"tag-zugverbindungen-bremen","50":"tag-zugverkehr-niedersachsen"},"share_on_mastodon":{"url":"","error":"Validation failed: Text character limit of 500 exceeded"},"_links":{"self":[{"href":"https:\/\/www.europesays.com\/de\/wp-json\/wp\/v2\/posts\/615785","targetHints":{"allow":["GET"]}}],"collection":[{"href":"https:\/\/www.europesays.com\/de\/wp-json\/wp\/v2\/posts"}],"about":[{"href":"https:\/\/www.europesays.com\/de\/wp-json\/wp\/v2\/types\/post"}],"author":[{"embeddable":true,"href":"https:\/\/www.europesays.com\/de\/wp-json\/wp\/v2\/users\/2"}],"replies":[{"embeddable":true,"href":"https:\/\/www.europesays.com\/de\/wp-json\/wp\/v2\/comments?post=615785"}],"version-history":[{"count":0,"href":"https:\/\/www.europesays.com\/de\/wp-json\/wp\/v2\/posts\/615785\/revisions"}],"wp:featuredmedia":[{"embeddable":true,"href":"https:\/\/www.europesays.com\/de\/wp-json\/wp\/v2\/media\/615786"}],"wp:attachment":[{"href":"https:\/\/www.europesays.com\/de\/wp-json\/wp\/v2\/media?parent=615785"}],"wp:term":[{"taxonomy":"category","embeddable":true,"href":"https:\/\/www.europesays.com\/de\/wp-json\/wp\/v2\/categories?post=615785"},{"taxonomy":"post_tag","embeddable":true,"href":"https:\/\/www.europesays.com\/de\/wp-json\/wp\/v2\/tags?post=615785"}],"curies":[{"name":"wp","href":"https:\/\/api.w.org\/{rel}","templated":true}]}}