{"id":616317,"date":"2025-12-01T19:49:16","date_gmt":"2025-12-01T19:49:16","guid":{"rendered":"https:\/\/www.europesays.com\/de\/616317\/"},"modified":"2025-12-01T19:49:16","modified_gmt":"2025-12-01T19:49:16","slug":"praeventivschlag-gegen-russland-als-verteidigung-denkbar","status":"publish","type":"post","link":"https:\/\/www.europesays.com\/de\/616317\/","title":{"rendered":"Pr\u00e4ventivschlag gegen Russland als \u201eVerteidigung\u201c denkbar"},"content":{"rendered":"<p class=\"article_paragraph__hXYKJ\">Laut dem rangh\u00f6chsten Milit\u00e4roffizier des B\u00fcndnisses erw\u00e4gt die Nato eine aggressivere Reaktion auf russische Cyberangriffe, Sabotageakte und Luftraumverletzungen. Admiral Giuseppe Cavo Dragone sagte der Financial Times  (FT), das westliche Milit\u00e4rb\u00fcndnis pr\u00fcfe eine verst\u00e4rkte Reaktion auf die hybride Kriegsf\u00fchrung Moskaus.<\/p>\n<p class=\"article_paragraph__hXYKJ\">\u201eWir analysieren alle M\u00f6glichkeiten. Im Cyberbereich agieren wir eher reaktiv. Wir denken dar\u00fcber nach, aggressiver oder proaktiver statt reaktiv vorzugehen\u201c, so Dragone, Vorsitzender des Nato-Milit\u00e4rausschusses. Konkret kann dies offenbar auch Erstschlag beinhalten, um Russland abzuschrecken. Dragone sagte der FT, ein \u201ePr\u00e4ventivschlag\u201c k\u00f6nne als \u201eVerteidigungsma\u00dfnahme\u201c betrachtet werden, f\u00fcgte aber hinzu: \u201eEr liegt weiter au\u00dferhalb unserer \u00fcblichen Denk- und Verhaltensweise.\u201c<\/p>\n<p class=\"article_paragraph__hXYKJ\">Der Vorsitzende des Nato-Milit\u00e4rausschusses sagte, die entscheidende Herausforderung bestehe darin, k\u00fcnftige Aggressionen abzuschrecken. \u201eWie Abschreckung erreicht wird \u2013 durch Vergeltung, durch Pr\u00e4ventivschl\u00e4ge \u2013 das m\u00fcssen wir eingehend analysieren, denn der Druck darauf k\u00f6nnte in Zukunft noch zunehmen\u201c, sagte Dragone. Und weiter: \u201eEine aggressivere Vorgehensweise als die unseres Gegen\u00fcbers k\u00f6nnte eine Option sein.\u201c Es sei aber rechtlich unklar, wie das am besten geschehen k\u00f6nnte. Auch \u201edie Frage, wer daf\u00fcr zust\u00e4ndig ist\u201c, sei nicht gekl\u00e4rt.<\/p>\n<p class=\"article_paragraph__hXYKJ\">Dragone r\u00e4umte ein, dass die Nato und ihre Mitglieder \u201eaufgrund von Ethik, Recht und Zust\u00e4ndigkeit deutlich mehr Einschr\u00e4nkungen unterliegen als unser Gegen\u00fcber. Das ist ein Problem. Ich will nicht sagen, dass wir im Nachteil sind, aber es ist eine schwierigere Position als die unseres Gegen\u00fcbers.\u201c<\/p>\n<p class=\"article_paragraph__hXYKJ\">Das russische Au\u00dfenministerium erkl\u00e4rte in einer Stellungnahme laut FT, Dragones \u00c4u\u00dferungen seien ein \u201e\u00e4u\u00dferst unverantwortlicher Schritt\u201c gewesen und deuteten auf die \u201eBereitschaft der Nato hin, die Eskalation fortzusetzen\u201c.<\/p>\n<p class=\"article_paragraph__hXYKJ\">Michail Scheremet, Abgeordneter der Staatsduma f\u00fcr die Krim und Mitglied des Sicherheits- und Antikorruptionsausschusses, sagte der staatlichen russischen Nachrichtenagentur Tass: \u201eManchmal zeigt die Nato-F\u00fchrung eine primitive, aggressive Denkweise, die gleicherma\u00dfen erschreckend wie gef\u00e4hrlich ist. Ihre leichtsinnigen, selbstsicheren \u00c4u\u00dferungen bedrohen nicht nur die eigene Bev\u00f6lkerung, sondern auch die globale Stabilit\u00e4t. Ein Pr\u00e4ventivschlag der Nato k\u00e4me einem Selbstzerst\u00f6rungsakt gleich \u2013 ein Akt mit potenziell katastrophalen Folgen.\u201c<\/p>\n<p class=\"article_paragraph__hXYKJ\">Der russische Botschafter in Belgien, Denis Gonchar, der Nato vor, \u00c4ngste zu sch\u00fcren, indem sie angebliche Kreml-Pl\u00e4ne f\u00fcr Angriffe auf Mitgliedstaaten \u00fcbertreibe. Er behauptete, die Rhetorik der Nato ziele darauf ab, die eigene Bev\u00f6lkerung einzusch\u00fcchtern, und das B\u00fcndnis bereite sich aktiv auf einen gro\u00df angelegten Konflikt mit Russland vor.<\/p>\n<p class=\"article_paragraph__hXYKJ article_paragraph_end-of-article-icon__tzjPO\">Die Tatsache, dass sich auf den Vorsto\u00df des Nato-Generals eher subalterne russische Offizielle zu Wort gemeldet haben, deutet darauf hin, dass der Kreml den Aussagen keine besondere Bedeutung beizumessen scheint.<\/p>\n","protected":false},"excerpt":{"rendered":"Laut dem rangh\u00f6chsten Milit\u00e4roffizier des B\u00fcndnisses erw\u00e4gt die Nato eine aggressivere Reaktion auf russische Cyberangriffe, Sabotageakte und Luftraumverletzungen.&hellip;\n","protected":false},"author":2,"featured_media":616318,"comment_status":"","ping_status":"","sticky":false,"template":"","format":"standard","meta":{"footnotes":""},"categories":[4013],"tags":[331,332,13,14,15,4043,4044,850,307,12],"class_list":{"0":"post-616317","1":"post","2":"type-post","3":"status-publish","4":"format-standard","5":"has-post-thumbnail","7":"category-russland","8":"tag-aktuelle-nachrichten","9":"tag-aktuelle-news","10":"tag-headlines","11":"tag-nachrichten","12":"tag-news","13":"tag-russia","14":"tag-russian-federation","15":"tag-russische-foederation","16":"tag-russland","17":"tag-schlagzeilen"},"share_on_mastodon":{"url":"https:\/\/pubeurope.com\/@de\/115646048805226316","error":""},"_links":{"self":[{"href":"https:\/\/www.europesays.com\/de\/wp-json\/wp\/v2\/posts\/616317","targetHints":{"allow":["GET"]}}],"collection":[{"href":"https:\/\/www.europesays.com\/de\/wp-json\/wp\/v2\/posts"}],"about":[{"href":"https:\/\/www.europesays.com\/de\/wp-json\/wp\/v2\/types\/post"}],"author":[{"embeddable":true,"href":"https:\/\/www.europesays.com\/de\/wp-json\/wp\/v2\/users\/2"}],"replies":[{"embeddable":true,"href":"https:\/\/www.europesays.com\/de\/wp-json\/wp\/v2\/comments?post=616317"}],"version-history":[{"count":0,"href":"https:\/\/www.europesays.com\/de\/wp-json\/wp\/v2\/posts\/616317\/revisions"}],"wp:featuredmedia":[{"embeddable":true,"href":"https:\/\/www.europesays.com\/de\/wp-json\/wp\/v2\/media\/616318"}],"wp:attachment":[{"href":"https:\/\/www.europesays.com\/de\/wp-json\/wp\/v2\/media?parent=616317"}],"wp:term":[{"taxonomy":"category","embeddable":true,"href":"https:\/\/www.europesays.com\/de\/wp-json\/wp\/v2\/categories?post=616317"},{"taxonomy":"post_tag","embeddable":true,"href":"https:\/\/www.europesays.com\/de\/wp-json\/wp\/v2\/tags?post=616317"}],"curies":[{"name":"wp","href":"https:\/\/api.w.org\/{rel}","templated":true}]}}