{"id":616324,"date":"2025-12-01T19:54:17","date_gmt":"2025-12-01T19:54:17","guid":{"rendered":"https:\/\/www.europesays.com\/de\/616324\/"},"modified":"2025-12-01T19:54:17","modified_gmt":"2025-12-01T19:54:17","slug":"frankreich-ruft-china-auf-auf-putin-fuer-einen-waffenstillstand-in-der-ukraine-einzuwirken","status":"publish","type":"post","link":"https:\/\/www.europesays.com\/de\/616324\/","title":{"rendered":"Frankreich ruft China auf, auf Putin f\u00fcr einen Waffenstillstand in der Ukraine einzuwirken"},"content":{"rendered":"<p>Frankreich hofft, dass Peking Einfluss auf Moskau aus\u00fcben kann, um eine Vereinbarung \u00fcber einen Waffenstillstand in der Ukraine zu erreichen.<\/p>\n<p>Diese Informationen gab der franz\u00f6sische Au\u00dfenminister Jean-No\u00ebl Barrot in der Sendung BFMTV bekannt.<\/p>\n<blockquote><p>\u201eWir z\u00e4hlen auf China, dass es Russland beeinflusst, damit die Russische F\u00f6deration und Putin endlich einen Waffenstillstand in Betracht ziehen\u201c, sagte Barrot.<\/p><\/blockquote>\n<p>Der Minister \u00e4u\u00dferte auch die Hoffnung, dass Peking als Vermittler f\u00fcr die Stabilisierung der Situation auftreten und die diplomatischen Bem\u00fchungen zur Beendigung des Krieges in der Ukraine unterst\u00fctzen kann.<\/p>\n<p>Barrot betonte die Bedeutung des internationalen Drucks auf Moskau, um Fortschritte zu erzielen: <\/p>\n<blockquote><p>\u201eWir glauben, dass die Einbeziehung wichtiger Partner, insbesondere Chinas, f\u00fcr den Fortschritt in den Verhandlungen notwendig ist\u201c.<\/p><\/blockquote>\n<p>Besuch des Pr\u00e4sidenten der Ukraine<\/p>\n<p>Diese Aussagen wurden im Kontext des Besuchs des Pr\u00e4sidenten der Ukraine, Wolodymyr Selenskyj, in Paris gemacht, wo ihn der franz\u00f6sische Pr\u00e4sident Emmanuel Macron empfing. W\u00e4hrend des Gespr\u00e4chs diskutierten die Parteien die aktuelle Sicherheitslage, diplomatische Initiativen und Wege zur Verst\u00e4rkung der internationalen Unterst\u00fctzung f\u00fcr die Ukraine.<\/p>\n<p>Der franz\u00f6sische Au\u00dfenminister stellte fest, dass das Land weiterhin daran arbeitet, Partner f\u00fcr aktiven diplomatischen Druck auf Russland zu mobilisieren, um ein m\u00f6glichst schnelles Ende der Kampfhandlungen und den Schutz der Zivilbev\u00f6lkerung zu gew\u00e4hrleisten.<\/p>\n<blockquote><p>\u201eFrankreich wird alles in seiner Macht Stehende tun, um den Friedensprozess zu unterst\u00fctzen und so viele internationale Partner wie m\u00f6glich einzubeziehen\u201c, f\u00fcgte Barrot hinzu.<\/p><\/blockquote>\n<p>Wir erinnern daran, dass zuvor \u00fcber ein Treffen des Sekret\u00e4rs des Nationalen Sicherheits- und Verteidigungsrates Rustem Umerow mit Pr\u00e4sident Wolodymyr Selenskyj in Paris berichtet wurde, bei dem die Ergebnisse eines f\u00fcnfst\u00fcndigen Treffens in den USA er\u00f6rtert wurden.<\/p>\n<p>Au\u00dferdem hat Peking offiziell erkl\u00e4rt, bereit zu sein, friedliche Verhandlungen zur Regelung der \u201eukrainischen Krise\u201c zu unterst\u00fctzen, wie der Krieg, den Russland gegen die Ukraine gef\u00fchrt hat, genannt wird.<\/p>\n<p>Somit zeugen die Aktionen Frankreichs und Chinas von einer Intensivierung internationaler Bem\u00fchungen um eine friedliche Beilegung des Konflikts in der Ukraine. Die Unterst\u00fctzung von Partnern in diesem Prozess ist entscheidend f\u00fcr die Erreichung von Stabilit\u00e4t in der Region.<\/p>\n","protected":false},"excerpt":{"rendered":"Frankreich hofft, dass Peking Einfluss auf Moskau aus\u00fcben kann, um eine Vereinbarung \u00fcber einen Waffenstillstand in der Ukraine&hellip;\n","protected":false},"author":2,"featured_media":616325,"comment_status":"","ping_status":"","sticky":false,"template":"","format":"standard","meta":{"footnotes":""},"categories":[3974],"tags":[331,332,548,663,3934,3980,156,13,14,15,12],"class_list":{"0":"post-616324","1":"post","2":"type-post","3":"status-publish","4":"format-standard","5":"has-post-thumbnail","7":"category-frankreich","8":"tag-aktuelle-nachrichten","9":"tag-aktuelle-news","10":"tag-eu","11":"tag-europa","12":"tag-europe","13":"tag-france","14":"tag-frankreich","15":"tag-headlines","16":"tag-nachrichten","17":"tag-news","18":"tag-schlagzeilen"},"share_on_mastodon":{"url":"https:\/\/pubeurope.com\/@de\/115646068611767012","error":""},"_links":{"self":[{"href":"https:\/\/www.europesays.com\/de\/wp-json\/wp\/v2\/posts\/616324","targetHints":{"allow":["GET"]}}],"collection":[{"href":"https:\/\/www.europesays.com\/de\/wp-json\/wp\/v2\/posts"}],"about":[{"href":"https:\/\/www.europesays.com\/de\/wp-json\/wp\/v2\/types\/post"}],"author":[{"embeddable":true,"href":"https:\/\/www.europesays.com\/de\/wp-json\/wp\/v2\/users\/2"}],"replies":[{"embeddable":true,"href":"https:\/\/www.europesays.com\/de\/wp-json\/wp\/v2\/comments?post=616324"}],"version-history":[{"count":0,"href":"https:\/\/www.europesays.com\/de\/wp-json\/wp\/v2\/posts\/616324\/revisions"}],"wp:featuredmedia":[{"embeddable":true,"href":"https:\/\/www.europesays.com\/de\/wp-json\/wp\/v2\/media\/616325"}],"wp:attachment":[{"href":"https:\/\/www.europesays.com\/de\/wp-json\/wp\/v2\/media?parent=616324"}],"wp:term":[{"taxonomy":"category","embeddable":true,"href":"https:\/\/www.europesays.com\/de\/wp-json\/wp\/v2\/categories?post=616324"},{"taxonomy":"post_tag","embeddable":true,"href":"https:\/\/www.europesays.com\/de\/wp-json\/wp\/v2\/tags?post=616324"}],"curies":[{"name":"wp","href":"https:\/\/api.w.org\/{rel}","templated":true}]}}