{"id":616549,"date":"2025-12-01T22:27:14","date_gmt":"2025-12-01T22:27:14","guid":{"rendered":"https:\/\/www.europesays.com\/de\/616549\/"},"modified":"2025-12-01T22:27:14","modified_gmt":"2025-12-01T22:27:14","slug":"bauer-sucht-frau-tv-landwirt-kuesst-seiner-hofdame-die-fuesse-unterhaltung","status":"publish","type":"post","link":"https:\/\/www.europesays.com\/de\/616549\/","title":{"rendered":"\u201eBauer sucht Frau\u201c: TV-Landwirt k\u00fcsst seiner Hofdame die F\u00fc\u00dfe | Unterhaltung"},"content":{"rendered":"<p>Niedersachsen \u2013 <b>Diese Art Lippenbekenntnis ist bei \u201eBauer sucht Frau\u201c eher ungew\u00f6hnlich. In der Kuppel-Show sorgten am Montagabend zwei Turteltauben f\u00fcr einen schr\u00e4gen TV-Moment. Landwirt Johann k\u00fcsste seiner Hofdame Katja die nackten F\u00fc\u00dfe! Wie kam es denn dazu?<\/b><\/p>\n<p>Der Rinderz\u00fcchter und die Hundefriseurin geh\u00f6ren in der aktuellen Staffel zu den Fan-Lieblingen. <a href=\"https:\/\/www.bild.de\/unterhaltung\/tv-fernsehformate\/bauer-sucht-frau-endlich-liebe-oder-alles-mist-690330a6ce65bea0d55e4b6b\" class=\"text-link\" target=\"_blank\" rel=\"noopener\">Schon beim Scheunenfest<\/a> hatte es zwischen beiden gefunkt. Am Ende lud Johann von seinen vier Bewerberinnen nur Katja zur Hofwoche nach Niedersachsen ein.<\/p>\n<p><img decoding=\"async\" width=\"992\" height=\"558\" alt=\"Beim Mittagessen schmieden Johann und Katja erste Zukunftspl\u00e4ne\" src=\"https:\/\/www.europesays.com\/de\/wp-content\/uploads\/2025\/12\/98d8148b08ae29ab5ffd4db3693b743a,34e4354d\"   class=\"landscape\" loading=\"lazy\"\/><\/p>\n<p class=\"fig__caption__text\">Beim Mittagessen schmieden Johann und Katja erste Zukunftspl\u00e4ne<\/p>\n<p>Foto:  RTL \/ Stefan Gregorowius<\/p>\n<p> Katja und Johann buddeln f\u00fcr das Dinner<\/p>\n<p>Dort mausert sich das Duo immer mehr zum Dreamteam. Mit seiner Hofdame kann Johann, dessen Frau im vergangenen Jahr an Krebs starb, endlich wieder lachen. In der f\u00fcnften Folge von \u201e<a href=\"https:\/\/www.bild.de\/unterhaltung\/tv\/bauer-sucht-frau\/bauer-sucht-frau-alle-infos-76681004.bild.html\" class=\"text-link\" target=\"_blank\" rel=\"noopener\">Bauer sucht Frau<\/a>\u201c schl\u00e4gt das Flirt-Barometer besonders weit aus.<\/p>\n<p>Beim Buddeln auf dem Acker finden Johann und Katja gleich mehrere Kartoffeln in Herzform. F\u00fcr den Bauern ein Zeichen: \u201eDrei Herzchen-Kartoffeln! Und wir zwei Herzen sitzen nebeneinander.\u201c Zu Hause wird die frische Ernte mit Quark garniert und gemeinsam verzehrt. Johann selig: \u201eMir hat es besonders gut geschmeckt, weil endlich wieder eine Frau mit am Tisch sitzt.\u201c<\/p>\n<p><img decoding=\"async\" width=\"992\" height=\"558\" alt=\"Katja und Johann sammeln Kartoffeln ein\" src=\"https:\/\/www.europesays.com\/de\/wp-content\/uploads\/2025\/12\/8d6f89f6fdb0bbe3936bf09ab768ca88,d17a593b\"   class=\"landscape\" loading=\"lazy\"\/><\/p>\n<p class=\"fig__caption__text\">Katja und Johann sammeln Kartoffeln in Herzform ein<\/p>\n<p>Foto:  RTL \/ Stefan Gregorowius<\/p>\n<p>Mehr zum ThemaDate endet mit Kuscheln und Trickfilme schauen<\/p>\n<p>Auch in seine Rituale weiht er Katja ein. So schaut der Niedersachse am liebsten die Trickfilm-Serie \u201eShaun das Schaf\u201c. Dabei k\u00f6nne man \u201eso wunderbar entspannen\u201c, sagt Johann. Seine Hofdame will ihm Gesellschaft leisten. Und w\u00e4hrend beide gem\u00fctlich auf dem Sofa sitzen, kommen sie einander n\u00e4her als erwartet: Katja streckt pl\u00f6tzlich die Beine aus und legt ihre nackten F\u00fc\u00dfe auf Johanns Scho\u00df ab.  <\/p>\n<p><img decoding=\"async\" width=\"992\" height=\"558\" alt=\"Die Turteltauben f\u00fchlen sich sichtlich wohl miteinander. Ob hier schon die Funken spr\u00fchen?\" src=\"https:\/\/www.europesays.com\/de\/wp-content\/uploads\/2025\/12\/bb078057a0e7509124f94ec3c2172754,b237d322\"   class=\"landscape\" loading=\"lazy\"\/><\/p>\n<p class=\"fig__caption__text\">Die Turteltauben f\u00fchlen sich sichtlich wohl miteinander. Ob hier schon die Funken spr\u00fchen?<\/p>\n<p>Foto: RTL<\/p>\n<p>Der <a href=\"https:\/\/www.bild.de\/unterhaltung\/tv-fernsehformate\/bauer-sucht-frau-2025-diese-vorstellungen-haben-die-kandidaten-683d8a805f7a8d25a5beb794\" class=\"text-link\" target=\"_blank\" rel=\"noopener\">Landwirt<\/a> \u00fcberrascht: \u201eOh, das ist aber sch\u00f6n. Soll ich dir ein bisschen die F\u00fc\u00dfe kraulen?\u201c Darauf seine Hofdame begeistert: \u201eIch liebe es, wenn man meine F\u00fc\u00dfe massiert.\u201c Und das Verw\u00f6hnprogramm geht noch weiter. Johann: \u201eIch mach dir jetzt den Clark Gable.\u201c Dann k\u00fcsst er Katjas F\u00fc\u00dfe.<\/p>\n<p>Sie sp\u00e4ter \u00fcber den Moment: \u201eDamit h\u00e4tte ich nicht gerechnet. War doch super!\u201c Und der Landwirt meint schmunzelnd: \u201eIch wei\u00df gar nicht, ob Clark Gable das im Film auch gemacht hat. Aber Katja hat auf jeden Fall gelacht.\u201c<\/p>\n","protected":false},"excerpt":{"rendered":"Niedersachsen \u2013 Diese Art Lippenbekenntnis ist bei \u201eBauer sucht Frau\u201c eher ungew\u00f6hnlich. In der Kuppel-Show sorgten am Montagabend&hellip;\n","protected":false},"author":2,"featured_media":616550,"comment_status":"","ping_status":"","sticky":false,"template":"","format":"standard","meta":{"footnotes":""},"categories":[1773],"tags":[6631,7531,29,24107,214,30,3739,640,471,1780,45,215],"class_list":{"0":"post-616549","1":"post","2":"type-post","3":"status-publish","4":"format-standard","5":"has-post-thumbnail","7":"category-serien","8":"tag-bauer-sucht-frau","9":"tag-bause-inka","10":"tag-deutschland","11":"tag-doku-soap","12":"tag-entertainment","13":"tag-germany","14":"tag-landwirt","15":"tag-rtl","16":"tag-serien","17":"tag-series","18":"tag-texttospeech","19":"tag-unterhaltung"},"share_on_mastodon":{"url":"https:\/\/pubeurope.com\/@de\/115646671573217074","error":""},"_links":{"self":[{"href":"https:\/\/www.europesays.com\/de\/wp-json\/wp\/v2\/posts\/616549","targetHints":{"allow":["GET"]}}],"collection":[{"href":"https:\/\/www.europesays.com\/de\/wp-json\/wp\/v2\/posts"}],"about":[{"href":"https:\/\/www.europesays.com\/de\/wp-json\/wp\/v2\/types\/post"}],"author":[{"embeddable":true,"href":"https:\/\/www.europesays.com\/de\/wp-json\/wp\/v2\/users\/2"}],"replies":[{"embeddable":true,"href":"https:\/\/www.europesays.com\/de\/wp-json\/wp\/v2\/comments?post=616549"}],"version-history":[{"count":0,"href":"https:\/\/www.europesays.com\/de\/wp-json\/wp\/v2\/posts\/616549\/revisions"}],"wp:featuredmedia":[{"embeddable":true,"href":"https:\/\/www.europesays.com\/de\/wp-json\/wp\/v2\/media\/616550"}],"wp:attachment":[{"href":"https:\/\/www.europesays.com\/de\/wp-json\/wp\/v2\/media?parent=616549"}],"wp:term":[{"taxonomy":"category","embeddable":true,"href":"https:\/\/www.europesays.com\/de\/wp-json\/wp\/v2\/categories?post=616549"},{"taxonomy":"post_tag","embeddable":true,"href":"https:\/\/www.europesays.com\/de\/wp-json\/wp\/v2\/tags?post=616549"}],"curies":[{"name":"wp","href":"https:\/\/api.w.org\/{rel}","templated":true}]}}