{"id":616621,"date":"2025-12-01T23:11:13","date_gmt":"2025-12-01T23:11:13","guid":{"rendered":"https:\/\/www.europesays.com\/de\/616621\/"},"modified":"2025-12-01T23:11:13","modified_gmt":"2025-12-01T23:11:13","slug":"generation-deutschland-thueringer-verfassungsschutz-sieht-bei-afd-jugend-rechtsextreme-tendenz","status":"publish","type":"post","link":"https:\/\/www.europesays.com\/de\/616621\/","title":{"rendered":"Generation Deutschland: Th\u00fcringer Verfassungsschutz sieht bei AfD-Jugend rechtsextreme Tendenz"},"content":{"rendered":"<p class=\"paragraph article__item\">Der Th\u00fcringer <a class=\"rtr-entity\" href=\"https:\/\/www.zeit.de\/thema\/verfassungsschutz\" target=\"_blank\" rel=\"noopener\">Verfassungsschutz<\/a> sieht bei der <a href=\"https:\/\/www.zeit.de\/politik\/deutschland\/2025-11\/afd-jugendorganisation-gruendung-giessen-liveblog\" class=\"\" target=\"_blank\" rel=\"noopener\">neu gegr\u00fcndeten AfD-Jugendorganisation Generation Deutschland<\/a> Hinweise auf eine rechtsextreme Haltung. Nach einer &#8222;ersten Sichtung der Beitr\u00e4ge, Aussagen und anwesenden Personen unter anderem aus dem rechtsextremistischen Spektrum&#8220; bei der <a href=\"https:\/\/www.zeit.de\/politik\/deutschland\/2025-11\/generation-deutschland-afd-jugend-gruendung-jean-pascal-hohm-faq\" class=\"\" target=\"_blank\" rel=\"noopener\">Neugr\u00fcndung<\/a>\u00a0am Wochenende, sehe er &#8222;weder eine M\u00e4\u00dfigung noch eine Distanzierung oder gar Wandlung der neuen AfD-Jugendorganisation von der durch den Verfassungsschutz bereits als rechtsextremistische Bestrebung eingestuften Jungen Alternative&#8220;,\u00a0sagte der Pr\u00e4sident des th\u00fcringischen Landesamtes f\u00fcr Verfassungsschutz, Stephan Kramer, dem\u00a0RedaktionsNetzwerk Deutschland (RND).\n<\/p>\n<p class=\"paragraph article__item\">Die Wahl des F\u00fchrungspersonals und die von ihm ausgesendeten zentralen Botschaften &#8222;insbesondere mit Blick auf Sympathien zur rechtsextremistischen Identit\u00e4ren Bewegung, lassen bisher keinen Zweifel an einer Fortsetzung der Radikalisierung aufkommen&#8220;, sagte er weiter. Der neu gew\u00e4hlte Bundesvorsitzende der <a class=\"rtr-entity\" href=\"https:\/\/www.zeit.de\/thema\/generation-deutschland\" target=\"_blank\" rel=\"noopener\">Generation Deutschland<\/a>, der brandenburgische Landtagsabgeordnete Jean-Pascal Hohm, wird vom brandenburgischen Verfassungsschutz bereits als Rechtsextremist gef\u00fchrt.\u00a0\n<\/p>\n<p class=\"paragraph article__item\">In Bezug auf die fragw\u00fcrdige und viel diskutierte Rede des AfD-Mitglieds\u00a0Alexander Eichwald sagte\u00a0Kramer, den Hinweis von <a href=\"https:\/\/www.zeit.de\/thema\/alternative-fuer-deutschland\" class=\"\" target=\"_blank\" rel=\"noopener\">AfD<\/a>-Chef Tino Chrupalla, den Auftritt und die Rede von Eichwald zu missbilligen und pr\u00fcfen zu wollen, &#8222;werden wir nat\u00fcrlich bei der anstehenden Auswertung und Bewertung der Erkenntnisse ber\u00fccksichtigen&#8220;. Letztlich gehe es aber nicht um eine einzelne Rede, sondern um alle Reden und Beitr\u00e4ge. &#8222;V\u00f6lkischer Nationalismus sowie Anspielungen und Parallelen zu Leitgedanken der Hitlerjugend sind dabei einige Anhaltspunkte&#8220;, sagte er.\n<\/p>\n<p>                            \u00a9\u00a0Lea Dohle<\/p>\n<p>\n                                        Newsletter<br \/>\n                                        Was jetzt? \u2013 Der t\u00e4gliche Morgen\u00fcberblick<\/p>\n<p class=\"newsletter-signup__text\">Starten Sie mit unserem kurzen Nachrichten-Newsletter in den Tag. Erhalten Sie zudem freitags den US-Sonderletter &#8222;Was jetzt, America?&#8220; sowie das digitale Magazin ZEIT am Wochenende.<\/p>\n<p class=\"newsletter-signup__datapolicy\" hidden=\"\">\n            Mit Ihrer Registrierung nehmen Sie die <a href=\"https:\/\/datenschutz.zeit.de\/zon#Newsletter\" target=\"_blank\" rel=\"noopener\">Datenschutzerkl\u00e4rung<\/a> zur Kenntnis.\n        <\/p>\n<p>    Vielen Dank! Wir haben Ihnen eine E-Mail geschickt.<\/p>\n<p>Pr\u00fcfen Sie Ihr Postfach und best\u00e4tigen Sie das Newsletter-Abonnement.<\/p>\n<p class=\"paragraph article__item\">Die Generation Deutschland \u00fcbernimmt die Nachfolge der fr\u00fcheren AfD-Jugendorganisation Junge Alternative. Diese stufte der Verfassungsschutz als gesichert rechtsextrem ein. Im M\u00e4rz wurde die als Verein gef\u00fchrte Organisation aufgel\u00f6st. Ihr Vereinsstatus machte sie anf\u00e4llig f\u00fcr ein m\u00f6gliches Verbot durch das Innenministerium. Die <a href=\"https:\/\/www.zeit.de\/politik\/deutschland\/2025-11\/afd-generation-deutschland-jugendorganisation-giessen-gruendung-jean-pascal-hohm-neue-radikalitaet\" class=\"\" target=\"_blank\" rel=\"noopener\">Generation Deutschland<\/a> ist nun als offizielle Jugendabteilung enger an die <a class=\"rtr-entity\" href=\"https:\/\/www.zeit.de\/thema\/alternative-fuer-deutschland\" target=\"_blank\" rel=\"noopener\">AfD<\/a> angegliedert, was ein Verbot rechtlich schwieriger macht und der AfD mehr Kontrolle \u00fcber die Organisation gibt.\u00a0\n<\/p>\n<p>Mehr zum Thema<\/p>\n<p>                <a href=\"https:\/\/www.zeit.de\/politik\/deutschland\/2025-11\/generation-deutschland-afd-jugend-gruendung-jean-pascal-hohm-faq\" data-ct-label=\"Generation Deutschland: Das ist die neue Jugendorganisation der AfD\" target=\"_blank\" rel=\"noopener\"><\/p>\n<p>                        Generation Deutschland:<br \/>\n                        Das ist die neue Jugendorganisation der AfD<\/p>\n<p>                <\/a><\/p>\n<p>                <a href=\"https:\/\/www.zeit.de\/wirtschaft\/2025-11\/familienunternehmer-verband-afd-brandmauer\" data-ct-label=\"Brandmauer zur AfD: Weghoffen und wegnuscheln geht nicht mehr\" target=\"_blank\" rel=\"noopener\"><\/p>\n<p>        Z+ (abopflichtiger Inhalt);<\/p>\n<p>    Brandmauer zur AfD:<br \/>\n                        Weghoffen und wegnuscheln geht nicht mehr<\/p>\n<p>                <\/a><\/p>\n<p>                <a href=\"https:\/\/www.zeit.de\/politik\/deutschland\/2025-11\/afd-generation-deutschland-jugendorganisation-giessen-gruendung-jean-pascal-hohm-neue-radikalitaet\" data-ct-label=\"Generation Deutschland: Am ganz rechten Rand\" target=\"_blank\" rel=\"noopener\"><\/p>\n<p>        Z+ (abopflichtiger Inhalt);<\/p>\n<p>    Generation Deutschland:<br \/>\n                        Am ganz rechten Rand<\/p>\n<p>                <\/a><\/p>\n","protected":false},"excerpt":{"rendered":"Der Th\u00fcringer Verfassungsschutz sieht bei der neu gegr\u00fcndeten AfD-Jugendorganisation Generation Deutschland Hinweise auf eine rechtsextreme Haltung. Nach einer&hellip;\n","protected":false},"author":2,"featured_media":616622,"comment_status":"","ping_status":"","sticky":false,"template":"","format":"standard","meta":{"footnotes":""},"categories":[2],"tags":[331,3924,332,3922,146156,150,3364,29,124938,30,13,2928,4087,14,3923,15,3921,16,113399,12,146407,419],"class_list":{"0":"post-616621","1":"post","2":"type-post","3":"status-publish","4":"format-standard","5":"has-post-thumbnail","7":"category-deutschland","8":"tag-aktuelle-nachrichten","9":"tag-aktuelle-nachrichten-aus-deutschland","10":"tag-aktuelle-news","11":"tag-aktuelle-news-aus-deutschland","12":"tag-alexander-eichwald","13":"tag-alternative-fuer-deutschland","14":"tag-de","15":"tag-deutschland","16":"tag-generation-deutschland","17":"tag-germany","18":"tag-headlines","19":"tag-junge-alternative","20":"tag-landesamt-fuer-verfassungsschutz","21":"tag-nachrichten","22":"tag-nachrichten-aus-deutschland","23":"tag-news","24":"tag-news-aus-deutschland","25":"tag-politik","26":"tag-radikalisierung","27":"tag-schlagzeilen","28":"tag-stephan-kramer","29":"tag-verfassungsschutz"},"share_on_mastodon":{"url":"","error":"Validation failed: Text character limit of 500 exceeded"},"_links":{"self":[{"href":"https:\/\/www.europesays.com\/de\/wp-json\/wp\/v2\/posts\/616621","targetHints":{"allow":["GET"]}}],"collection":[{"href":"https:\/\/www.europesays.com\/de\/wp-json\/wp\/v2\/posts"}],"about":[{"href":"https:\/\/www.europesays.com\/de\/wp-json\/wp\/v2\/types\/post"}],"author":[{"embeddable":true,"href":"https:\/\/www.europesays.com\/de\/wp-json\/wp\/v2\/users\/2"}],"replies":[{"embeddable":true,"href":"https:\/\/www.europesays.com\/de\/wp-json\/wp\/v2\/comments?post=616621"}],"version-history":[{"count":0,"href":"https:\/\/www.europesays.com\/de\/wp-json\/wp\/v2\/posts\/616621\/revisions"}],"wp:featuredmedia":[{"embeddable":true,"href":"https:\/\/www.europesays.com\/de\/wp-json\/wp\/v2\/media\/616622"}],"wp:attachment":[{"href":"https:\/\/www.europesays.com\/de\/wp-json\/wp\/v2\/media?parent=616621"}],"wp:term":[{"taxonomy":"category","embeddable":true,"href":"https:\/\/www.europesays.com\/de\/wp-json\/wp\/v2\/categories?post=616621"},{"taxonomy":"post_tag","embeddable":true,"href":"https:\/\/www.europesays.com\/de\/wp-json\/wp\/v2\/tags?post=616621"}],"curies":[{"name":"wp","href":"https:\/\/api.w.org\/{rel}","templated":true}]}}