{"id":616821,"date":"2025-12-02T01:13:25","date_gmt":"2025-12-02T01:13:25","guid":{"rendered":"https:\/\/www.europesays.com\/de\/616821\/"},"modified":"2025-12-02T01:13:25","modified_gmt":"2025-12-02T01:13:25","slug":"gesundheitspolitikerin-koenig-soll-neben-krach-spd-landeschefin-werden","status":"publish","type":"post","link":"https:\/\/www.europesays.com\/de\/616821\/","title":{"rendered":"Gesundheitspolitikerin K\u00f6nig soll neben Krach SPD-Landeschefin werden"},"content":{"rendered":"<p class=\"expressive-copy-lg-body\">Die Reinickendorfer Abgeordnete Bettina K\u00f6nig soll neben dem Spitzenkandidaten Steffen Krach neue Landesvorsitzende der Berliner SPD werden. Der Landesvorstand nominierte sie am Montagabend einstimmig. Die 47-J\u00e4hrige sitzt seit 2016 im Berliner Landesparlament und widmet sich dort der Gesundheitspolitik, arbeitet aber auch im Wissenschaftsausschuss mit.<\/p>\n<p class=\"expressive-copy-lg-body\">Steffen Krach hatte Bettina K\u00f6nig als seine Co-Vorsitzende vorgeschlagen. Bis zum Wochenende seien noch viele Namen im Spiel gewesen, hie\u00df es. Am Ende habe sich der Spitzenkandidat f\u00fcr K\u00f6nig entschieden, die er seit 2016 kennt. Eine Wahl der Doppelspitze ist bei einem Parteitag im kommenden Jahr geplant. Als Termin ist der 9. Mai vorgesehen. Bis dahin soll die neue Doppelspitze die Partei bereits informell f\u00fchren. <\/p>\n<p class=\"expressive-copy-lg-body\">Die Neubesetzung der Landesspitze ist n\u00f6tig, nachdem die 2024 von der SPD-Basis mit breiter Mehrheit gew\u00e4hlten Vorsitzenden <a href=\"https:\/\/www.morgenpost.de\/berlin\/article410537976\/das-ende-eines-grossen-missverstaendnisses-in-berlins-spd.html\" data-category-full-path=\"https:\/\/www.morgenpost.de\/berlin\/\" data-paid-status=\"free\" data-article-publish-date=\"1764007620\" target=\"_blank\" rel=\"noopener\">Martin Hikel und Nicola B\u00f6cker-Giannini nach parteinternen Wahl-Niederlagen ihren R\u00fccktritt eingereicht hatten. <\/a><\/p>\n<p>  Die bisherigen SPD-Landeschefs waren nach Pleiten bei Listenwahl zur\u00fcckgetreten<\/p>\n<p class=\"expressive-copy-lg-body\">Hikel reichte sein Resultat von 68,5 Prozent nicht als Vertrauensnachweis, um erneut das Bezirksb\u00fcrgermeisteramt in <a href=\"https:\/\/www.morgenpost.de\/bezirke\/neukoelln\/\" target=\"_blank\" rel=\"noopener\">Neuk\u00f6lln <\/a>anzustreben. B\u00f6cker-Giannini war bei der Listenaufstellung f\u00fcr die Abgeordnetenhaus-Wahlen im September 2026 gescheitert. Sie wollte in K\u00f6nigs Bezirk <a href=\"https:\/\/www.morgenpost.de\/bezirke\/reinickendorf\/\" target=\"_blank\" rel=\"noopener\">Reinickendorf <\/a>auf Platz drei der Bezirksliste, fiel jedoch durch. Beide beklagten, mit ihrem politischen Kurs der pragmatischen Mitte an den mehrheitlich linken Funktion\u00e4ren im Landesverband ausgebremst worden zu sein, <\/p>\n<p class=\"expressive-copy-lg-body\">Spitzenkandidat Steffen Krach reagiert mit der Personalie auf <a href=\"https:\/\/www.morgenpost.de\/berlin\/article410536910\/nach-fuehrungsbeben-frauen-in-der-spd-haben-eine-forderung.html\" data-category-full-path=\"https:\/\/www.morgenpost.de\/berlin\/\" data-paid-status=\"premium\" data-article-publish-date=\"1763998677\" target=\"_blank\" rel=\"noopener\">den von den SPD-Frauen deutlich formulierten Anspruch, den Landesverband weiter durch eine nach Geschlechtern quotierte Doppelspitze f\u00fchren zu lassen. <\/a>Krach hatte kurz dar\u00fcber nachgedacht, alleine nach dem Landesvorsitz zu greifen. Das h\u00e4tte seine herausgehobene Stellung als Herausforderer des Regierenden B\u00fcrgermeisters <a href=\"https:\/\/www.morgenpost.de\/berlin\/kai-wegner\/\" data-category-full-path=\"https:\/\/www.morgenpost.de\/berlin\/\" data-paid-status=\"free\" data-article-publish-date=\"1682414100\" target=\"_blank\" rel=\"noopener\">Kai Wegner<\/a> (CDU) im kommenden Jahr noch verdeutlicht. Am Ende war aber der Wunsch aus breiten Teilen der Partei ausschlaggebend, <a href=\"https:\/\/www.morgenpost.de\/bezirke\/reinickendorf\/article239101003\/rothaarige-abgeordnete-bettina-koenig-ehrenamt.html\" data-category-full-path=\"https:\/\/www.morgenpost.de\/bezirke\/reinickendorf\/\" data-paid-status=\"default\" data-article-publish-date=\"1691078596\" target=\"_blank\" rel=\"noopener\">Bettina K\u00f6nig<\/a> ins Boot zu holen.<\/p>\n<p>Bettina K\u00f6nig gilt als linke Sozialdemokratin in einem weniger linken Kreisverband<\/p>\n<p class=\"expressive-copy-lg-body\">Die studierte Betriebswirtin mit einem Diplom der Freien Universit\u00e4t Berlin bezeichnet sich selbst als linke Sozialdemokratin und ist ein Kind der Partei. Einen gro\u00dfen Teil ihres Berufslebens verbrachte die geb\u00fcrtige Berlinerin in politischen Jobs, die mit der SPD zu tun haben. Ihr Kreisverband Reinickendorf geh\u00f6rt aber eher nicht zum linken Lager in der Berliner SPD.<\/p>\n<p class=\"expressive-copy-lg-body\">K\u00f6nig gilt als eine enge Begleiterin des m\u00e4chtigen Fraktionsvorsitzenden Raed Saleh, ist seine Stellvertreterin in der Fraktion. Dem Vernehmen nach hatte Krach die Personalauswahl mit Saleh abgestimmt. Krach selbst war zwar viele Jahre Staatssekret\u00e4r in der Berliner Wissenschaftsverwaltung, hat die letzten Jahre aber als Regionspr\u00e4sident von Hannover gearbeitet, ehe ihn Hikel und B\u00f6cker-Giannini f\u00fcr eine R\u00fcckkehr nach Berlin gewannen.<\/p>\n<p class=\"expressive-copy-lg-body\">Vor einer guten Woche war Bettina K\u00f6nig auf Platz eins der Reinickendorfer Bezirksliste f\u00fcr die Abgeordnetenhauswahl gew\u00e4hlt worden. Sie tritt im Wahlkreis Reinickendorf Ost im sozial schwachen S\u00fcden des Au\u00dfenbezirks an. 2021 holte sie dort das Direktmandat. Bei der Wiederholungswahl 2023 musste sie sich dem CDU-Innenpolitiker Burkard Dregger geschlagen geben, zog aber \u00fcber die Bezirksliste ins Parlament ein. <\/p>\n<p>  Bettina K\u00f6nig: \u201eWenn die Partei ruft, muss man sich damit auseinandersetzen\u201c<\/p>\n<p class=\"expressive-copy-lg-body\">K\u00f6nig erf\u00fcllt mehrere Voraussetzungen f\u00fcr eine Co-Landesvorsitzende. Sie verf\u00fcgt \u00fcber ein B\u00fcro und bezieht als Einkommen Di\u00e4ten, die es ihr erlauben, das Ehrenamt an der SPD-Parteispitze auszu\u00fcben. Die ebenfalls hoch gehandelte Sozialsenatorin Cansel Kiziltepe war bis zuletzt im Rennen, wie die Morgenpost erfuhr. Krach entschied sich aber auch deswegen f\u00fcr K\u00f6nig, weil sie nicht im Senat sitzt. Sollte Krach die Wahlen gewinnen und Kai Wegner (CDU) im Roten Rathaus abl\u00f6sen, m\u00fcsste wegen der Parteisatzung ein Senatsmitglied aus der Doppelspitze ausscheiden.<\/p>\n<p>            Morgenpost der Chefredaktion<\/p>\n<p>Die ersten News des Tages \u2013 direkt von der Chefredaktion. Montag bis Samstag um 6:30 Uhr.<\/p>\n<p>            <img decoding=\"async\" src=\"https:\/\/www.europesays.com\/de\/wp-content\/uploads\/2025\/12\/1764600499_980_newsletter-envelope.png\" alt=\"Newsletter Illustration\" class=\"h-full w-full max-w-full object-cover md:max-w-[226px] lg:max-w-[234px]\" loading=\"lazy\"\/><\/p>\n<p>              Morgenpost der Chefredaktion<\/p>\n<p>Die ersten News des Tages \u2013 direkt von der Chefredaktion. Montag bis Samstag um 6:30 Uhr.<\/p>\n<p>              Mit meiner Anmeldung zum Newsletter stimme ich der<br \/>\n              <a href=\"https:\/\/www.morgenpost.de\/service\/newsletter-adconsent\" class=\"text-copy-accent underline decoration-solid underline-offset-1 hover:text-primary-700\" target=\"_blank\" rel=\"noopener\">Werbevereinbarung<\/a><br \/>\n              zu.<\/p>\n<p class=\"expressive-copy-lg-body\">Am Montagabend pr\u00e4sentierte sich das designierte F\u00fchrungsduo nach seiner Nominierung. \u201eEs war nicht mein Plan, hier meine Kandidatur zu verk\u00fcnden\u201c, sagte die Mutter zweier Teenager-T\u00f6chter, aber wenn die Partei rufe, m\u00fcsse man sich damit auseinandersetzen. \u201eIn einer schwierigen Situation habe ich mich entschieden, zusammen mit Steffen Krach diesen Schritt zu gehen\u201c, sagte K\u00f6nig. <\/p>\n<p class=\"expressive-copy-lg-body\">Die Berliner SPD habe bewegte Tage hinter sich. Aber Berlin braucht keine selbstmitleidige Sozialdemokratie. Sondern eine SPD, die anpacke, die Probleme benenne und das Leben der Leute besser mache. \u201eWir wollen eine Stadt, in der sich alle wohlf\u00fchlen\u201c, sagte die designierte Landeschefin und erw\u00e4hnte die in vielen Bezirken fehlenden Facharzttermine und die <a href=\"https:\/\/www.morgenpost.de\/berlin\/article407870115\/wie-berlin-zur-kontrolle-der-traeger-mehr-buerokratie-schafft.html\" data-category-full-path=\"https:\/\/www.morgenpost.de\/berlin\/\" data-paid-status=\"default\" data-article-publish-date=\"1733893200\" target=\"_blank\" rel=\"noopener\">M\u00f6glichkeiten f\u00fcr psychologische Betreuung von Jugendlichen<\/a>.  Als Aufgabe nannte sie auch \u201einterne Aufgaben\u201c. Sie wolle mit den verschiedenen Fl\u00fcgeln sprechen, Kompromisse finden und sich austauschen. \u201eDas wollen wir moderieren\u201c, sagte K\u00f6nig.<\/p>\n<p>Steffen Krach \u00fcber Bettina K\u00f6nig: \u201eWir kennen und wir m\u00f6gen uns\u201c<\/p>\n<p class=\"expressive-copy-lg-body\">Steffen Krach betonte, es sei wichtig gewesen, sehr schnell Entscheidungen zu treffen. \u201eWir kennen uns, wir m\u00f6gen uns\u201c, sagte er \u00fcber seine neue politische Partnerin. Beide seien pragmatisch und arbeiteten an Verbesserungen f\u00fcr die Menschen. Die 18.000 Parteimitglieder w\u00fcrden bis zum Wahltag am 20. September 2026 k\u00e4mpfen. \u201eWir werden zupackend sein und mit einer gewissen Fr\u00f6hlichkeit die Stadt gestalten, wir werden mit guter Laune Politik machen.\u201c<\/p>\n","protected":false},"excerpt":{"rendered":"Die Reinickendorfer Abgeordnete Bettina K\u00f6nig soll neben dem Spitzenkandidaten Steffen Krach neue Landesvorsitzende der Berliner SPD werden. Der&hellip;\n","protected":false},"author":2,"featured_media":616822,"comment_status":"","ping_status":"","sticky":false,"template":"","format":"standard","meta":{"footnotes":""},"categories":[1825],"tags":[1941,1939,296,1937,29,30,1940,1938],"class_list":{"0":"post-616821","1":"post","2":"type-post","3":"status-publish","4":"format-standard","5":"has-post-thumbnail","7":"category-berlin","8":"tag-aktuelle-nachrichten-aus-berlin","9":"tag-aktuelle-news-aus-berlin","10":"tag-berlin","11":"tag-berlin-news","12":"tag-deutschland","13":"tag-germany","14":"tag-nachrichten-aus-berlin","15":"tag-news-aus-berlin"},"share_on_mastodon":{"url":"https:\/\/pubeurope.com\/@de\/115647323842904903","error":""},"_links":{"self":[{"href":"https:\/\/www.europesays.com\/de\/wp-json\/wp\/v2\/posts\/616821","targetHints":{"allow":["GET"]}}],"collection":[{"href":"https:\/\/www.europesays.com\/de\/wp-json\/wp\/v2\/posts"}],"about":[{"href":"https:\/\/www.europesays.com\/de\/wp-json\/wp\/v2\/types\/post"}],"author":[{"embeddable":true,"href":"https:\/\/www.europesays.com\/de\/wp-json\/wp\/v2\/users\/2"}],"replies":[{"embeddable":true,"href":"https:\/\/www.europesays.com\/de\/wp-json\/wp\/v2\/comments?post=616821"}],"version-history":[{"count":0,"href":"https:\/\/www.europesays.com\/de\/wp-json\/wp\/v2\/posts\/616821\/revisions"}],"wp:featuredmedia":[{"embeddable":true,"href":"https:\/\/www.europesays.com\/de\/wp-json\/wp\/v2\/media\/616822"}],"wp:attachment":[{"href":"https:\/\/www.europesays.com\/de\/wp-json\/wp\/v2\/media?parent=616821"}],"wp:term":[{"taxonomy":"category","embeddable":true,"href":"https:\/\/www.europesays.com\/de\/wp-json\/wp\/v2\/categories?post=616821"},{"taxonomy":"post_tag","embeddable":true,"href":"https:\/\/www.europesays.com\/de\/wp-json\/wp\/v2\/tags?post=616821"}],"curies":[{"name":"wp","href":"https:\/\/api.w.org\/{rel}","templated":true}]}}