{"id":616866,"date":"2025-12-02T01:42:17","date_gmt":"2025-12-02T01:42:17","guid":{"rendered":"https:\/\/www.europesays.com\/de\/616866\/"},"modified":"2025-12-02T01:42:17","modified_gmt":"2025-12-02T01:42:17","slug":"neue-kampagne-mehr-sichtbarkeit-fuer-menschen-mit-assistenzhund","status":"publish","type":"post","link":"https:\/\/www.europesays.com\/de\/616866\/","title":{"rendered":"Neue Kampagne: Mehr Sichtbarkeit f\u00fcr Menschen mit Assistenzhund"},"content":{"rendered":"<p>Die Stadt Mannheim startet die Kampagne &#8222;Assistenzhundefreundliche Kommune&#8220;, um gemeinsam mit Pfotenpiloten e.V. und dem BBSV auf das seit 2021 geltende Zutrittsrecht f\u00fcr Assistenzhunde in \u00f6ffentlichen Geb\u00e4uden aufmerksam zu machen. &#8222;So viele Pfoten waren selten bei einer Pressekonferenz dabei&#8220;, sagt Mannheims Oberb\u00fcrgermeister Christian Specht (CDU), als er am Montag die neue Kampagne der Stadt vorstellt.<\/p>\n<p>Ein Aufkleber auf \u00f6ffentlichen Geb\u00e4uden der Stadt zeigt ab jetzt: Assistenzhunde sind hier ausdr\u00fccklich erlaubt. Denn viele wissen nicht, seit 2021 erlaubt das Assistenzhundegesetz den ausgebildeten Tieren mit ihrem Herrchen in jedem \u00f6ffentlichen Geb\u00e4ude den Zutritt. Die Stadt Mannheim will gemeinsam mit dem Verein Pfotenpiloten e.V. und dem Badischen Blinden und Sehbehinderten Verein (BBSV) auf Assistenzhunde aufmerksam machen.<\/p>\n<p><img src=\"https:\/\/www.europesays.com\/de\/wp-content\/uploads\/2025\/12\/1764612974888,assistenzhunde-mannheim-102~_v-16x9@2dS_-6be50a9c75559ca1aaf1d0b25bae287afdcd877a.jpg\"   class=\"\" data-copyright=\"Foto: SWR\" alt=\"Kampagne &quot;Assistenzhundfreundliche Kommunen&quot;\" title=\"Kampagne &quot;Assistenzhundfreundliche Kommunen&quot; (Foto: SWR)\" width=\"320\" height=\"180\" decoding=\"async\" loading=\"lazy\"\/><\/p>\n<p>Der Oberb\u00fcrgermeister Christian Specht (CDU), die stellvertretende Vorsitzende des BBSVs Maria Huber und Ursula Frenz, die Beauftragte f\u00fcr Menschen mit Behinderung der Stadt Mannheim mit Betroffenen.<\/p>\n<p><a href=\"https:\/\/www.swr.de\" rel=\"external nofollow noopener\" class=\"link\" tabindex=\"-1\" itemprop=\"url\" target=\"_blank\"><br \/>\nSWR<br \/>\n<\/a><\/p>\n<p>Die st\u00e4ndige Aufkl\u00e4rungsarbeit ist f\u00fcr die Betroffenen anstrengend<\/p>\n<p>Assistenzhunde werden f\u00fcr unterschiedliche Formen der Beeintr\u00e4chtigung zugelassen: Neben Seh- oder H\u00f6rbehinderungen gibt es auch ausgebildete Assistenzhunde f\u00fcr Personen mit einer Autismusst\u00f6rung, einer Traumast\u00f6rung, Epilepsie oder lebensgef\u00e4hrlichen Allergien. Die Hunde k\u00f6nnen Panikattacken erkennen, Allergene erschn\u00fcffeln, Unterzuckerungen erkennen, lange bevor der Betroffene sie wahrnimmt, oder die Person mit ihrer Beeintr\u00e4chtigung vor Gefahren warnen. Neben offensichtlicheren Beeintr\u00e4chtigungen bleiben andere f\u00fcr Au\u00dfenstehende v\u00f6llig unsichtbar. Betroffene m\u00fcssen die Berechtigung dann oft erkl\u00e4ren oder werden \u00fcberhaupt nicht in die Geb\u00e4ude gelassen.<\/p>\n<p><img src=\"https:\/\/www.europesays.com\/de\/wp-content\/uploads\/2025\/12\/1764612761677,assistenzhunde-mannheim-100~_v-16x9@2dS_-6be50a9c75559ca1aaf1d0b25bae287afdcd877a.jpg\"   class=\"\" data-copyright=\"Foto: SWR\" alt=\"Daniel Knoch l\u00e4uft mit seiner H\u00fcndin die Treppe herunter.\" title=\"Daniel Knoch l\u00e4uft mit seiner H\u00fcndin die Treppe herunter. (Foto: SWR)\" width=\"320\" height=\"180\" decoding=\"async\" loading=\"lazy\"\/><\/p>\n<p>Daniel Knoch mit seiner Assistenzh\u00fcndin Bell.<\/p>\n<p><a href=\"https:\/\/www.swr.de\" rel=\"external nofollow noopener\" class=\"link\" tabindex=\"-1\" itemprop=\"url\" target=\"_blank\"><br \/>\nSWR<br \/>\n<\/a><\/p>\n","protected":false},"excerpt":{"rendered":"Die Stadt Mannheim startet die Kampagne &#8222;Assistenzhundefreundliche Kommune&#8220;, um gemeinsam mit Pfotenpiloten e.V. und dem BBSV auf das&hellip;\n","protected":false},"author":2,"featured_media":616867,"comment_status":"","ping_status":"","sticky":false,"template":"","format":"standard","meta":{"footnotes":""},"categories":[1845],"tags":[1634,3364,29,548,663,3934,30,13,2096,14,15,12],"class_list":{"0":"post-616866","1":"post","2":"type-post","3":"status-publish","4":"format-standard","5":"has-post-thumbnail","7":"category-mannheim","8":"tag-baden-wuerttemberg","9":"tag-de","10":"tag-deutschland","11":"tag-eu","12":"tag-europa","13":"tag-europe","14":"tag-germany","15":"tag-headlines","16":"tag-mannheim","17":"tag-nachrichten","18":"tag-news","19":"tag-schlagzeilen"},"share_on_mastodon":{"url":"https:\/\/pubeurope.com\/@de\/115647437603320234","error":""},"_links":{"self":[{"href":"https:\/\/www.europesays.com\/de\/wp-json\/wp\/v2\/posts\/616866","targetHints":{"allow":["GET"]}}],"collection":[{"href":"https:\/\/www.europesays.com\/de\/wp-json\/wp\/v2\/posts"}],"about":[{"href":"https:\/\/www.europesays.com\/de\/wp-json\/wp\/v2\/types\/post"}],"author":[{"embeddable":true,"href":"https:\/\/www.europesays.com\/de\/wp-json\/wp\/v2\/users\/2"}],"replies":[{"embeddable":true,"href":"https:\/\/www.europesays.com\/de\/wp-json\/wp\/v2\/comments?post=616866"}],"version-history":[{"count":0,"href":"https:\/\/www.europesays.com\/de\/wp-json\/wp\/v2\/posts\/616866\/revisions"}],"wp:featuredmedia":[{"embeddable":true,"href":"https:\/\/www.europesays.com\/de\/wp-json\/wp\/v2\/media\/616867"}],"wp:attachment":[{"href":"https:\/\/www.europesays.com\/de\/wp-json\/wp\/v2\/media?parent=616866"}],"wp:term":[{"taxonomy":"category","embeddable":true,"href":"https:\/\/www.europesays.com\/de\/wp-json\/wp\/v2\/categories?post=616866"},{"taxonomy":"post_tag","embeddable":true,"href":"https:\/\/www.europesays.com\/de\/wp-json\/wp\/v2\/tags?post=616866"}],"curies":[{"name":"wp","href":"https:\/\/api.w.org\/{rel}","templated":true}]}}