{"id":616961,"date":"2025-12-02T02:38:32","date_gmt":"2025-12-02T02:38:32","guid":{"rendered":"https:\/\/www.europesays.com\/de\/616961\/"},"modified":"2025-12-02T02:38:32","modified_gmt":"2025-12-02T02:38:32","slug":"wirtschaft-linker-unternehmerverband-owus-loest-sich-auf","status":"publish","type":"post","link":"https:\/\/www.europesays.com\/de\/616961\/","title":{"rendered":"Wirtschaft \u2013 Linker Unternehmerverband Owus l\u00f6st sich auf"},"content":{"rendered":"<p>\t\t\t\t\t\t<img decoding=\"async\" id=\"img314902\" src=\"https:\/\/www.europesays.com\/de\/wp-content\/uploads\/2025\/12\/314902.jpeg\" alt=\"Die Tageszeitung \u00bbnd\u00ab geh\u00f6rte dem Owus an und in ihrem angestammten Haus am Berliner Ostbahnhof wurde der Landesverband jetzt aufgel\u00f6st.\"\/><\/p>\n<p>Die Tageszeitung \u00bbnd\u00ab geh\u00f6rte dem Owus an und in ihrem angestammten Haus am Berliner Ostbahnhof wurde der Landesverband jetzt aufgel\u00f6st.<\/p>\n<p>Foto: dpa\/Paul Zinken<\/p>\n<p>\u00bbEigentlich braucht es einen Verband wie Owus\u00ab, sagt Rolf Sukowski. Owus war ein der Linkspartei nahestehender <a href=\"https:\/\/www.nd-aktuell.de\/artikel\/854191.mm-owus-versucht-den-neuanfang.html?\" rel=\"nofollow noopener\" target=\"_blank\">Offener Wirtschaftsverband<\/a> von kleinen und mittleren Unternehmen, Freiberuflern und Selbstst\u00e4ndigen.<\/p>\n<p>Sukowski war 18 Jahre lang Vorsitzender des Landesverbands Berlin-Brandenburg \u2013 bis eine Mitgliederversammlung am 7. November mit 20 Stimmen bei zwei Enthaltungen die Aufl\u00f6sung beschloss. Es wurden Liquidatoren bestellt. Die sollen schlussendlich das Restverm\u00f6gen an den Solidarit\u00e4tsdienst international spenden.<\/p>\n<p>Die Mitglieder sind alt geworden<\/p>\n<p>Der Bundesverband hatte sich bereits zuvor abgewickelt, ebenso ein paar Landesverb\u00e4nde, w\u00e4hrend andere, nicht offiziell aufgel\u00f6ste Landesverb\u00e4nde schon mehrere Jahre inaktiv sind. Der Berlin-Brandenburger Landesverband hat wahrscheinlich den Schlusspunkt unter das Kapitel Owus gesetzt. 31 Jahre lang hat es ihn gegeben. Anfangs z\u00e4hlte er bis zu 120 Mitglieder, darunter auch das \u00bbnd\u00ab, wie der gewesene stellvertretende Landesvorsitzende <a href=\"https:\/\/www.nd-aktuell.de\/artikel\/816455.keine-minuspunkte-fuer-linke-unternehmer.html?\" rel=\"nofollow noopener\" target=\"_blank\">Robert Gadegast<\/a> erkl\u00e4rt.<\/p>\n<p>Zuletzt waren es gerade einmal noch 46 Mitglieder, von denen lediglich zw\u00f6lf weiterhin unternehmerisch t\u00e4tig waren. Die \u00fcbrigen hatten ihre berufliche Selbstst\u00e4ndigkeit teils l\u00e4ngst aufgegeben oder ihre Firmen an Nachfolger \u00fcbergeben und wirkten im Ruhestand nur noch als F\u00f6rdermitglieder im Verband mit. Es fehlte an Nachwuchs.<\/p>\n<p>Sukowski war Unternehmensberater, Gadegast hatte einen kleinen Handwerksbetrieb, der Fliesen legte und andere Arbeiten an B\u00e4dern ausf\u00fchrte. Es gab im Verband auch Steuerberater, einen Ger\u00e4tebau f\u00fcr Optiker, Inhaber von Reiseb\u00fcros und so weiter.<\/p>\n<p>Dem Vorstand fiel es nicht leicht, die Aufl\u00f6sung vorzuschlagen. \u00bbEigentlich schon seit unserer Festveranstaltung zum 30. Jubil\u00e4um im vorigen Jahr geisterte diese Konsequenz durch die G\u00e4nge\u00ab, berichtet Sukowski, \u00bbimmer im Widerstreit mit dem Prinzip Hoffnung und den Alternativen, einfach still und leise zu verschwinden oder einen ordentlichen Schlussstrich zu ziehen mit allen juristischen Konsequenzen.\u00ab Es sollte keine Trauerfeier werden, sondern ein starker Abgang.<\/p>\n<p>Den hat sich Owus verdient. Der Verband fand einst immer ein offenes Ohr bei dem 2013 verstorbenen Parteivorsitzenden <a href=\"https:\/\/www.nd-aktuell.de\/artikel\/78188.mit-pfannkuchen-in-die-endrunde.html?\" rel=\"nofollow noopener\" target=\"_blank\">Lothar Bisky<\/a>. In ihm hatte Owus \u00bbeinen engen Verb\u00fcndeten\u00ab, sagt Sukowski. Zuweilen als linke Kapitalisten bel\u00e4chelt, spielten seine Mitstreiter eine wichtige Rolle.<\/p>\n<p>Fr\u00fch f\u00fcr Mindestl\u00f6hne eingetreten<\/p>\n<p>\u00bbBei einigen Themen waren wir Vorreiter\u00ab, sagt Sukowski. So sprach sich Owus bereits im Dezember 2006 f\u00fcr die Einf\u00fchrung eines gesetzlichen Mindestlohns aus. \u00bbZu diesem Zeitpunkt waren selbst Vertreter der Gewerkschaften dagegen. Die einen bef\u00fcrchteten den Untergang des Abendlandes und fl\u00e4chendeckende Insolvenzen, die anderen den Verlust der Tarifautonomie\u00ab, erinnert Sukowski. \u00bbDas Totschlagargument der Gegner, dass Abermillionen von Arbeitspl\u00e4tzen vernichtet werden, zog aber nicht mehr. Denn die anderen EU-L\u00e4nder hatten gezeigt, dass es geht.\u00ab Es sei ums Prinzip gegangen. Schlie\u00dflich lautete das Gr\u00fcndungsmotto: \u00bbAus wirtschaftlicher Vernunft und sozialer Verantwortung!\u00ab<\/p>\n<p>Das damals rot-rot regierte Land Berlin hatte 2008 einen <a href=\"https:\/\/www.nd-aktuell.de\/artikel\/915466.mindestlohn-laenger-niedrig.html?\" rel=\"nofollow noopener\" target=\"_blank\">Vergabemindestlohn<\/a> von anfangs 7,50 Euro eingef\u00fchrt. So viel mussten Firmen ihren Besch\u00e4ftigten ab da pro Stunde mindestens bezahlen, wenn sie \u00f6ffentliche Auftr\u00e4ge erhalten wollten. Seit 2024 liegt diese schrittweise angehobene Lohnuntergrenze bei jetzt 13,69 Euro. Im Jahr 2012 zog das zu diesem Zeitpunkt ebenfalls rot-rot regierte <a href=\"https:\/\/www.nd-aktuell.de\/artikel\/157363.waschen-schneiden-leben-koennen.html?\" rel=\"nofollow noopener\" target=\"_blank\">Brandenburg<\/a> nach und f\u00fchrte einen Vergabemindestlohn von zun\u00e4chst acht Euro ein, der mittlerweile bei 13 Euro liegt.<\/p>\n<p>Einen bundesweiten gesetzlichen Mindestlohn f\u00fcr alle gibt es seit 2015. Er liegt aktuell bei 12,82 Euro und steigt zum 1. Januar 2026 auf 13,90 Euro, ein Jahr sp\u00e4ter auf 14,60 Euro.<\/p>\n<p>\u00bbWir haben viel erreicht\u00ab, findet Rolf Sukowski. \u00bbWas wir nicht erreicht haben, ist der \u00dcbergang in die junge linke Unternehmerschaft, so es diese gibt.\u00ab<\/p>\n<p>Owus verstand sich als politische Vereinigung, die keine Partikularinteressen bestimmter Branchen vertrat und Lobbyarbeit nicht aus Eigennutz betreiben wollte. Das habe vielleicht zu den Schwierigkeiten beigetragen, neue Mitglieder zu gewinnen, erkl\u00e4rt Rolf Sukowski. Nichts geworden ist aus Mindesthonoraren f\u00fcr Selbstst\u00e4ndige, die sich Owus genauso wie Mindestl\u00f6hne gew\u00fcnscht hatte. Solche Mindesthonorare gibt es bis heute nicht.<\/p>\n","protected":false},"excerpt":{"rendered":"Die Tageszeitung \u00bbnd\u00ab geh\u00f6rte dem Owus an und in ihrem angestammten Haus am Berliner Ostbahnhof wurde der Landesverband&hellip;\n","protected":false},"author":2,"featured_media":616962,"comment_status":"","ping_status":"","sticky":false,"template":"","format":"standard","meta":{"footnotes":""},"categories":[1825],"tags":[1941,1939,296,1937,29,30,1940,1938],"class_list":{"0":"post-616961","1":"post","2":"type-post","3":"status-publish","4":"format-standard","5":"has-post-thumbnail","7":"category-berlin","8":"tag-aktuelle-nachrichten-aus-berlin","9":"tag-aktuelle-news-aus-berlin","10":"tag-berlin","11":"tag-berlin-news","12":"tag-deutschland","13":"tag-germany","14":"tag-nachrichten-aus-berlin","15":"tag-news-aus-berlin"},"share_on_mastodon":{"url":"https:\/\/pubeurope.com\/@de\/115647658024692444","error":""},"_links":{"self":[{"href":"https:\/\/www.europesays.com\/de\/wp-json\/wp\/v2\/posts\/616961","targetHints":{"allow":["GET"]}}],"collection":[{"href":"https:\/\/www.europesays.com\/de\/wp-json\/wp\/v2\/posts"}],"about":[{"href":"https:\/\/www.europesays.com\/de\/wp-json\/wp\/v2\/types\/post"}],"author":[{"embeddable":true,"href":"https:\/\/www.europesays.com\/de\/wp-json\/wp\/v2\/users\/2"}],"replies":[{"embeddable":true,"href":"https:\/\/www.europesays.com\/de\/wp-json\/wp\/v2\/comments?post=616961"}],"version-history":[{"count":0,"href":"https:\/\/www.europesays.com\/de\/wp-json\/wp\/v2\/posts\/616961\/revisions"}],"wp:featuredmedia":[{"embeddable":true,"href":"https:\/\/www.europesays.com\/de\/wp-json\/wp\/v2\/media\/616962"}],"wp:attachment":[{"href":"https:\/\/www.europesays.com\/de\/wp-json\/wp\/v2\/media?parent=616961"}],"wp:term":[{"taxonomy":"category","embeddable":true,"href":"https:\/\/www.europesays.com\/de\/wp-json\/wp\/v2\/categories?post=616961"},{"taxonomy":"post_tag","embeddable":true,"href":"https:\/\/www.europesays.com\/de\/wp-json\/wp\/v2\/tags?post=616961"}],"curies":[{"name":"wp","href":"https:\/\/api.w.org\/{rel}","templated":true}]}}