{"id":617321,"date":"2025-12-02T06:23:14","date_gmt":"2025-12-02T06:23:14","guid":{"rendered":"https:\/\/www.europesays.com\/de\/617321\/"},"modified":"2025-12-02T06:23:14","modified_gmt":"2025-12-02T06:23:14","slug":"im-weihnachtstrubel-bonner-politzei-warnt-vor-taschendieben","status":"publish","type":"post","link":"https:\/\/www.europesays.com\/de\/617321\/","title":{"rendered":"Im Weihnachtstrubel: Bonner Politzei warnt vor Taschendieben"},"content":{"rendered":"<p class=\"small date article__date\">Ver\u00f6ffentlicht:\u00a0Dienstag, 02.12.2025 06:51<\/p>\n<p>Die Bonner Polizei warnt nochmal vor Taschendieben &#8211; denn am Wochenende gab es in der Bonner City einige Diebst\u00e4hle. Die Beamten berichten von 23 Anzeigen, davon 17 alleine in der Innenstadt.<\/p>\n<p><img decoding=\"async\" alt=\"\" src=\"https:\/\/www.europesays.com\/de\/wp-content\/uploads\/2025\/12\/symbol_geld-10.jpg&#038;crop=0x252x4032x2520&#038;resize=1280x800&#038;dt=201902061351130.jpeg\" data-size=\"1280x800\"\/>Achtung bei Ablenkungsman\u00f6vern<\/p>\n<p>Erfahrungsgem\u00e4\u00df ziehen insbesondere die Weihnachtsm\u00e4rkte organisierte Diebe an. Die bekommen auch viele Gelegenheiten &#8211; in den engen Gassen, vor St\u00e4nden, an Kassenautomaten, Bushaltestellen und Rolltreppen zum Beispiel. Jahr f\u00fcr Jahr w\u00fcrden die Fallzahlen weiter steigen, hei\u00dft es aus Bonn. Die Beamten raten also, misstrauisch zu sein, wenn Unbekannte das Gespr\u00e4ch suchen. Es k\u00f6nnte ein Ablenkungsman\u00f6ver sein. Die Polizei r\u00e4t, Geld in Brustbeutel zu stecken, Taschen immer geschlossen eng am K\u00f6rper zu tragen, im Idealfall unter dem Arm.<\/p>\n","protected":false},"excerpt":{"rendered":"Ver\u00f6ffentlicht:\u00a0Dienstag, 02.12.2025 06:51 Die Bonner Polizei warnt nochmal vor Taschendieben &#8211; denn am Wochenende gab es in der&hellip;\n","protected":false},"author":2,"featured_media":617322,"comment_status":"","ping_status":"","sticky":false,"template":"","format":"standard","meta":{"footnotes":""},"categories":[1842],"tags":[146525,146524,42841,131210,1741,3364,29,30,1209,24763],"class_list":{"0":"post-617321","1":"post","2":"type-post","3":"status-publish","4":"format-standard","5":"has-post-thumbnail","7":"category-bonn","8":"tag-ablenkungsmanver","9":"tag-polizei-warnt","10":"tag-taschendiebe","11":"tag-weihnachtsmrkte","12":"tag-bonn","13":"tag-de","14":"tag-deutschland","15":"tag-germany","16":"tag-nordrhein-westfalen","17":"tag-taschendiebstahl"},"share_on_mastodon":{"url":"https:\/\/pubeurope.com\/@de\/115648542517225603","error":""},"_links":{"self":[{"href":"https:\/\/www.europesays.com\/de\/wp-json\/wp\/v2\/posts\/617321","targetHints":{"allow":["GET"]}}],"collection":[{"href":"https:\/\/www.europesays.com\/de\/wp-json\/wp\/v2\/posts"}],"about":[{"href":"https:\/\/www.europesays.com\/de\/wp-json\/wp\/v2\/types\/post"}],"author":[{"embeddable":true,"href":"https:\/\/www.europesays.com\/de\/wp-json\/wp\/v2\/users\/2"}],"replies":[{"embeddable":true,"href":"https:\/\/www.europesays.com\/de\/wp-json\/wp\/v2\/comments?post=617321"}],"version-history":[{"count":0,"href":"https:\/\/www.europesays.com\/de\/wp-json\/wp\/v2\/posts\/617321\/revisions"}],"wp:featuredmedia":[{"embeddable":true,"href":"https:\/\/www.europesays.com\/de\/wp-json\/wp\/v2\/media\/617322"}],"wp:attachment":[{"href":"https:\/\/www.europesays.com\/de\/wp-json\/wp\/v2\/media?parent=617321"}],"wp:term":[{"taxonomy":"category","embeddable":true,"href":"https:\/\/www.europesays.com\/de\/wp-json\/wp\/v2\/categories?post=617321"},{"taxonomy":"post_tag","embeddable":true,"href":"https:\/\/www.europesays.com\/de\/wp-json\/wp\/v2\/tags?post=617321"}],"curies":[{"name":"wp","href":"https:\/\/api.w.org\/{rel}","templated":true}]}}