{"id":617911,"date":"2025-12-02T12:21:11","date_gmt":"2025-12-02T12:21:11","guid":{"rendered":"https:\/\/www.europesays.com\/de\/617911\/"},"modified":"2025-12-02T12:21:11","modified_gmt":"2025-12-02T12:21:11","slug":"essen-motor-show-2025-was-bietet-die-messe","status":"publish","type":"post","link":"https:\/\/www.europesays.com\/de\/617911\/","title":{"rendered":"Essen Motor Show 2025: Was bietet die Messe?"},"content":{"rendered":"<p>Die Essen Motor Show 2025 ist er\u00f6ffnet und bietet eine beeindruckende Vielfalt an klassischen und modernen Fahrzeugen. In den Hallen eins und zwei stehen die Klassiker im Mittelpunkt, die nicht nur bestaunt, sondern auch ersteigert werden k\u00f6nnen. Besucher k\u00f6nnen sich auf coole Autos, interessante Umbauten und spannende Serienfahrzeuge freuen. Besonders auff\u00e4llig ist der Trend zu alten Autos, die in diesem Jahr besonders gefragt sind. In Halle drei dreht sich alles um Performance und Racing, wo es eine Vielzahl an Rennequipment zu entdecken gibt. Die Messe bietet spezielle Messepreise und eine famili\u00e4re Atmosph\u00e4re, die H\u00e4ndler und Besucher gleicherma\u00dfen sch\u00e4tzen. In Halle vier erwartet die Besucher eine Show Area mit Tuning Shows und einer Raw Engine Show. Die Hallen f\u00fcnf bis sieben widmen sich dem Tuning und Lifestyle, mit einem besonderen Fokus auf alte Autos. Die Messe ist ein Highlight f\u00fcr Autoenthusiasten und bietet zahlreiche M\u00f6glichkeiten, sich \u00fcber die neuesten Trends und Produkte zu informieren. Besuchen Sie die Essen Motor Show 2025 und erleben Sie die Faszination Automobil hautnah!<\/p>\n","protected":false},"excerpt":{"rendered":"Die Essen Motor Show 2025 ist er\u00f6ffnet und bietet eine beeindruckende Vielfalt an klassischen und modernen Fahrzeugen. In&hellip;\n","protected":false},"author":2,"featured_media":617912,"comment_status":"","ping_status":"","sticky":false,"template":"","format":"standard","meta":{"footnotes":""},"categories":[1834],"tags":[3364,29,3688,30,1209,5788],"class_list":{"0":"post-617911","1":"post","2":"type-post","3":"status-publish","4":"format-standard","5":"has-post-thumbnail","7":"category-essen","8":"tag-de","9":"tag-deutschland","10":"tag-essen","11":"tag-germany","12":"tag-nordrhein-westfalen","13":"tag-videos"},"share_on_mastodon":{"url":"https:\/\/pubeurope.com\/@de\/115649949500511208","error":""},"_links":{"self":[{"href":"https:\/\/www.europesays.com\/de\/wp-json\/wp\/v2\/posts\/617911","targetHints":{"allow":["GET"]}}],"collection":[{"href":"https:\/\/www.europesays.com\/de\/wp-json\/wp\/v2\/posts"}],"about":[{"href":"https:\/\/www.europesays.com\/de\/wp-json\/wp\/v2\/types\/post"}],"author":[{"embeddable":true,"href":"https:\/\/www.europesays.com\/de\/wp-json\/wp\/v2\/users\/2"}],"replies":[{"embeddable":true,"href":"https:\/\/www.europesays.com\/de\/wp-json\/wp\/v2\/comments?post=617911"}],"version-history":[{"count":0,"href":"https:\/\/www.europesays.com\/de\/wp-json\/wp\/v2\/posts\/617911\/revisions"}],"wp:featuredmedia":[{"embeddable":true,"href":"https:\/\/www.europesays.com\/de\/wp-json\/wp\/v2\/media\/617912"}],"wp:attachment":[{"href":"https:\/\/www.europesays.com\/de\/wp-json\/wp\/v2\/media?parent=617911"}],"wp:term":[{"taxonomy":"category","embeddable":true,"href":"https:\/\/www.europesays.com\/de\/wp-json\/wp\/v2\/categories?post=617911"},{"taxonomy":"post_tag","embeddable":true,"href":"https:\/\/www.europesays.com\/de\/wp-json\/wp\/v2\/tags?post=617911"}],"curies":[{"name":"wp","href":"https:\/\/api.w.org\/{rel}","templated":true}]}}