{"id":617928,"date":"2025-12-02T12:30:21","date_gmt":"2025-12-02T12:30:21","guid":{"rendered":"https:\/\/www.europesays.com\/de\/617928\/"},"modified":"2025-12-02T12:30:21","modified_gmt":"2025-12-02T12:30:21","slug":"frankfurt-streit-um-fdp-idee-zur-privatisierung-von-abg","status":"publish","type":"post","link":"https:\/\/www.europesays.com\/de\/617928\/","title":{"rendered":"Frankfurt: Streit um FDP-Idee zur Privatisierung von ABG"},"content":{"rendered":"<p>55.000 Wohnungen in Frankfurt <\/p>\n<p>FDP-Idee zum Verkauf der ABG st\u00f6\u00dft auf Kritik<\/p>\n<p>Aktualisiert am 02.12.2025 &#8211; 11:07 UhrLesedauer: 2 Min.<\/p>\n<p><a href=\"#focus-0\" class=\"transition-colors duration-200 block text-current relative\" data-sctrack=\"FocusGalleryImage.Reference\"><img fetchpriority=\"high\" data-testid=\"Opener.Image\" style=\"--lqipURL:url('https:\/\/images.t-online.de\/2023\/09\/TfUeROtGlSIY\/1x0:1792x1008\/fit-in\/150x0\/filters:blur(25)\/in-der-friedrich-ebert-siedlung-baute-die-staedtische-wohnungsbaugesellschaft-abg-frankfurt-holding-drei-neue-wohngebaeude-teils-mit-gefoerderten-wohnungen.jpg')\"   loading=\"eager\" src=\"https:\/\/www.europesays.com\/de\/wp-content\/uploads\/2025\/12\/in-der-friedrich-ebert-siedlung-baute-die-staedtische-wohnungsbaugesellschaft-abg-frankfurt-holding-.jpeg\" alt=\"Wohnh\u00e4user in der Frankfurter Friedrich-Ebert-Siedlung (Symbolbild): Ein Vorschlag der Frankfurter Wirtschaftsdezernentin Stephanie W\u00fcst (FDP) st\u00f6\u00dft bei der SPD auf Kritik.\" title=\"Wohnh\u00e4user in der Frankfurter Friedrich-Ebert-Siedlung (Symbolbild): Ein Vorschlag der Frankfurter Wirtschaftsdezernentin Stephanie W\u00fcst (FDP) st\u00f6\u00dft bei der SPD auf Kritik.\" width=\"1792\" height=\"1008\" class=\"bg-[url:var(--lqipURL)] bg-cover bg-center flex h-full w-full max-w-full\" decoding=\"async\"\/><img style=\"--width:32;--height:32\" loading=\"lazy\" src=\"https:\/\/frankfurt.t-online.de\/s\/paper\/_next\/static\/media\/zoom-in.f7dae02f.svg\" alt=\"Vergr\u00f6\u00dfern des Bildes\" title=\"Vergr\u00f6\u00dfern des Bildes\" class=\"block h-[calc(var(--height)_\/_16_*_1rem)] w-[calc(var(--width)_\/_16_*_1rem)] max-w-none absolute bottom-8 right-8 rounded-4 bg-snow p-8\" decoding=\"async\"\/><\/a><\/p>\n<p>Wohnh\u00e4user in der Frankfurter Friedrich-Ebert-Siedlung (Symbolbild): Ein Vorschlag der Frankfurter Wirtschaftsdezernentin Stephanie W\u00fcst (FDP) st\u00f6\u00dft bei der SPD auf Kritik. (Quelle: ABG\/Andreas Bierich)<\/p>\n<p class=\"font-bold text-18 leading-17\">Die FDP will pr\u00fcfen, ob Frankfurt seine gro\u00dfe Wohnungsgesellschaft verkaufen sollte. Die SPD sieht das jedoch als &#8222;brandgef\u00e4hrlich.&#8220;<\/p>\n<p class=\"text-18 leading-17\">Die Frankfurter Wirtschaftsdezernentin Stephanie W\u00fcst (FDP) st\u00f6\u00dft mit einem Vorsto\u00df zu einer m\u00f6glichen Privatisierung der st\u00e4dtischen Wohnungsgesellschaft ABG auf Kritik von der SPD. W\u00fcst hatte im Gespr\u00e4ch mit der &#8222;Frankfurter Allgemeinen Zeitung&#8220; erkl\u00e4rt, man k\u00f6nne einen Verkauf der st\u00e4dtischen Wohnungsgesellschaft pr\u00fcfen. Die ABG betreut nach eigenen Angaben rund 55.000 Wohnungen und weitere Mietobjekte in Frankfurt.<\/p>\n<p class=\"text-18 leading-17\">Der Frankfurter SPD-Vorsitzende Kolja M\u00fcller nannte den Vorschlag via Pressemitteilung daraufhin &#8222;brandgef\u00e4hrlich&#8220;. Der SPD-Politiker verwies dabei auf Umfragen, nach denen Wohnen f\u00fcr viele Menschen das gr\u00f6\u00dfte Problem in Frankfurt sei.<\/p>\n<p class=\"text-18 leading-17\">Die ABG sei f\u00fcr bezahlbaren Wohnraum zentral. Sie baue g\u00fcnstige Wohnungen, halte Mieten stabil und habe beim Mietenstopp Verantwortung \u00fcbernommen. &#8222;Und dann will man ausgerechnet die zentrale Institution f\u00fcr bezahlbares Wohnen privatisieren? Das ist brandgef\u00e4hrlich&#8220;, sagte M\u00fcller demnach.<\/p>\n<p class=\"text-18 leading-17\">M\u00fcller warnt zudem vor Fehlern anderer St\u00e4dte. Dort seien in den 1990er- und 2000er-Jahren \u00f6ffentliche Wohnungen verkauft worden. Aus seiner Sicht habe der Markt das Problem nicht gel\u00f6st. Berufsgruppen wie Erzieherinnen, Einzelhandelsangestellte oder Stadtpolizisten seien auf bezahlbare Wohnungen angewiesen, die sich am Bedarf der Stadt orientierten, und zwar &#8222;nicht als Spekulationsobjekt, sondern als Garant f\u00fcr soziale Daseinsvorsorge&#8220;, sagte M\u00fcller.<\/p>\n<p class=\"text-18 leading-17\">W\u00fcst hatte im Interview betont, die Stadt solle sich von Beteiligungen trennen, die am Markt bestehen k\u00f6nnten. Als Beispiel nannte sie neben Hafen- und Marktbetrieben auch die ABG. Die FDP wolle vor der Kommunalwahl ihr Profil sch\u00e4rfen und sei &#8222;klarer in ihren Positionen&#8220;.<\/p>\n","protected":false},"excerpt":{"rendered":"55.000 Wohnungen in Frankfurt FDP-Idee zum Verkauf der ABG st\u00f6\u00dft auf Kritik Aktualisiert am 02.12.2025 &#8211; 11:07 UhrLesedauer:&hellip;\n","protected":false},"author":2,"featured_media":617929,"comment_status":"","ping_status":"","sticky":false,"template":"","format":"standard","meta":{"footnotes":""},"categories":[1829],"tags":[522,3092,29,187,2050,2051,30,2052,184,58163,109645,5728],"class_list":{"0":"post-617928","1":"post","2":"type-post","3":"status-publish","4":"format-standard","5":"has-post-thumbnail","7":"category-frankfurt-am-main","8":"tag-522","9":"tag-3092","10":"tag-deutschland","11":"tag-fdp","12":"tag-frankfurt","13":"tag-frankfurt-am-main","14":"tag-germany","15":"tag-hessen","16":"tag-spd","17":"tag-wohnungsgesellschaft","18":"tag-wohnungskrise","19":"tag-wohnungsmarkt"},"share_on_mastodon":{"url":"https:\/\/pubeurope.com\/@de\/115649985055221749","error":""},"_links":{"self":[{"href":"https:\/\/www.europesays.com\/de\/wp-json\/wp\/v2\/posts\/617928","targetHints":{"allow":["GET"]}}],"collection":[{"href":"https:\/\/www.europesays.com\/de\/wp-json\/wp\/v2\/posts"}],"about":[{"href":"https:\/\/www.europesays.com\/de\/wp-json\/wp\/v2\/types\/post"}],"author":[{"embeddable":true,"href":"https:\/\/www.europesays.com\/de\/wp-json\/wp\/v2\/users\/2"}],"replies":[{"embeddable":true,"href":"https:\/\/www.europesays.com\/de\/wp-json\/wp\/v2\/comments?post=617928"}],"version-history":[{"count":0,"href":"https:\/\/www.europesays.com\/de\/wp-json\/wp\/v2\/posts\/617928\/revisions"}],"wp:featuredmedia":[{"embeddable":true,"href":"https:\/\/www.europesays.com\/de\/wp-json\/wp\/v2\/media\/617929"}],"wp:attachment":[{"href":"https:\/\/www.europesays.com\/de\/wp-json\/wp\/v2\/media?parent=617928"}],"wp:term":[{"taxonomy":"category","embeddable":true,"href":"https:\/\/www.europesays.com\/de\/wp-json\/wp\/v2\/categories?post=617928"},{"taxonomy":"post_tag","embeddable":true,"href":"https:\/\/www.europesays.com\/de\/wp-json\/wp\/v2\/tags?post=617928"}],"curies":[{"name":"wp","href":"https:\/\/api.w.org\/{rel}","templated":true}]}}