{"id":617940,"date":"2025-12-02T12:36:17","date_gmt":"2025-12-02T12:36:17","guid":{"rendered":"https:\/\/www.europesays.com\/de\/617940\/"},"modified":"2025-12-02T12:36:17","modified_gmt":"2025-12-02T12:36:17","slug":"wintervortraege-im-botanischen-garten-kloenschnack","status":"publish","type":"post","link":"https:\/\/www.europesays.com\/de\/617940\/","title":{"rendered":"Wintervortr\u00e4ge im Botanischen Garten &#8211; Kloenschnack"},"content":{"rendered":"<p>Im Winterhalbjahr, wenn die F\u00fchrungen im Freiland bis zum n\u00e4chsten Fr\u00fchjahr aussetzen, verk\u00fcrzt der Botanische Garten Hamburg den botanisch Wissensdurstigen die Zeit durch \u00f6ffentliche Abendvortr\u00e4ge.<br \/>Diese beleuchten in einem breiten Themenspektrum verschiedenste Aspekte der Botanik und angrenzender Themen. Anerkannte Wissenschaftler:innen und erfahrene Expert:innen teilen dann ihr Wissen und geben Einblicke in die Vielfalt ihrer Forschungsgebiete.<\/p>\n<p><strong>Die kommenden Vortr\u00e4ge sind:<\/strong><\/p>\n<p><strong>Termin:<\/strong> Dienstag, 09. Dezember 2025, 17.00 \u2013 18.30 Uhr<br \/><strong>Thema:<\/strong> \u201eBesserwissen ist mein Beruf\u201c<br \/><strong>Referentin:<\/strong> Dr. Michael Schwerdtfeger, Gartenkustos des Botanischen Garten G\u00f6ttingen<\/p>\n<p>Im Laufe der Jahrhunderte wurden Pflanzen immer wieder als Motive f\u00fcr Illustrationen genutzt<br \/>\u2013 bis hin zur modernen Werbung. In seinem am\u00fcsanten und lehrreichen Vortrag berichtet der<br \/>Autor zahlreicher B\u00fccher, Michael Schwerdtfeger, \u00fcber gelungene und gut gemeinte Darstellungen von Pflanzen und Tieren vom Mittelalter bis in die Gegenwart \u2013 \u00fcber das genaue Hinsehen und die Freude an der Vielfalt der Natur. Und am Ende lernt man sogar, beim n\u00e4chsten Einkauf einmal ganz genau auf die dargestellte Bl\u00fcte der Vanilleeispackung zu schauen\u2026<\/p>\n<p><strong>Termin:<\/strong> Dienstag, 13. Januar 2026, 17.00 \u2013 18.30 Uhr<br \/><strong>Thema:<\/strong> \u201eVon Borneo bis Sansibar \u2013 Neues vom Internationalen G\u00e4rtneraustausch\u201c<br \/><strong>Moderation:<\/strong> Dr. Gisela Bertram und Dr. Hans-Helmut Poppendieck<\/p>\n<p>Auf dieser Veranstaltung berichten G\u00e4rtnerinnen und G\u00e4rtner von ihren aktuellen Erlebnissen<br \/>und Erfahrungen im Ausland. Nach der Unterbrechung durch die Corona-Zeit haben die Aktivit\u00e4ten rasch wieder den alten Stand erreicht. Das zeigt, wie wichtig nach wie vor die Anliegen der Stiftung Internationaler G\u00e4rtneraustausch sind: Die Aus- und Fortbildung und die pers\u00f6nliche F\u00f6rderung des Nachwuchses, und die internationale Zusammenarbeit bei der Kultur seltener und gef\u00e4hrdeter Pflanzen. Lassen Sie sich von unseren jungen Kolleginnen und Kollegen mitnehmen in die Pflanzenwelt der Tropen und Subtropen und zur Arbeit hinter den Kulissen in alten und neuen Botanischen G\u00e4rten.<\/p>\n<p><strong>ALLGEMEINE INFORMATIONEN<\/strong>:<br \/>Uhrzeit: jeweils 17.00 \u2013 18.30 Uhr<br \/>Veranstaltungsort aller vier Vortr\u00e4ge: Carl-von-Linn\u00e9-H\u00f6rsaal, Institut f\u00fcr Pflanzenwissenschaften und Mikrobiologie, Ohnhorststra\u00dfe 18, 22609 Hamburg.<br \/>Zugang \u00fcber das IPM-Istitut direkt NEBEN dem Botanischen Garten.<br \/>Weiter Infos finden Sie <a href=\"https:\/\/www.botanischer-garten.uni-hamburg.de\/02veranstaltungen\/vortraege.html\" rel=\"nofollow noopener\" target=\"_blank\">Wintervortr\u00e4ge<\/a>.<\/p>\n<p>Der Eintritt ist frei. Eine Anmeldung ist nicht erforderlich. Der Botanische Garten freut sich \u00fcber<br \/>eine Spende.<\/p>\n<p>    <a href=\"https:\/\/www.facebook.com\/sharer\/sharer.php?u=https:\/\/kloenschnack.de\/nachrichten\/wintervortraege-im-botanischen-garten\/\" target=\"_blank\" class=\"article__header__sharing__facebook\" rel=\"nofollow noopener\"><\/p>\n<p>    <\/a><\/p>\n<p>    <a href=\"https:\/\/twitter.com\/share?text=Wintervortr\u00e4ge im Botanischen Garten https:\/\/kloenschnack.de\/nachrichten\/wintervortraege-im-botanischen-garten\/\" target=\"_blank\" class=\"article__header__sharing__twitter\" rel=\"nofollow noopener\"><br \/>\n        <img loading=\"lazy\" decoding=\"async\" class=\"lazyload\" width=\"16\" src=\"https:\/\/kloenschnack.de\/wp-content\/themes\/bzv-master\/src\/images\/icon-x-logo.svg\" height=\"16\" alt=\"Logo: X (ehemals twitter)\" aria-hidden=\"true\"\/><br \/>\n    <\/a><\/p>\n<p>        <a href=\"fb-messenger:\/\/share\/?link=https:\/\/kloenschnack.de\/nachrichten\/wintervortraege-im-botanischen-garten\/\" target=\"_blank\" class=\"article__header__sharing__messenger\" rel=\"nofollow\"><br \/>\n            <img decoding=\"async\" class=\"lazyload\" alt=\"facebook-messenger\" src=\"https:\/\/kloenschnack.de\/wp-content\/themes\/bzv-master\/src\/images\/icon_facebook-messenger@2x.svg\"\/><br \/>\n        <\/a><\/p>\n<p>    <a href=\"mailto:?subject=Schau mal hier&amp;body=Ich habe gerade folgenden spannenden Artikel gefunden: https:\/\/kloenschnack.de\/nachrichten\/wintervortraege-im-botanischen-garten\/\" target=\"_blank\" class=\"article__header__sharing__mail\"><\/p>\n<p>    <\/a><\/p>\n<p>        <a href=\"whatsapp:\/\/send?text=Wintervortr\u00e4ge im Botanischen Garten https:\/\/kloenschnack.de\/nachrichten\/wintervortraege-im-botanischen-garten\/\" class=\"article__header__sharing__whatsapp mobile-only\" rel=\"nofollow\"><\/p>\n<p>        <\/a><\/p>\n<p>\n    Auch interessant\n<\/p>\n<p>        <script async src=\"https:\/\/platform.twitter.com\/widgets.js\" charset=\"utf-8\"><\/script><\/p>\n","protected":false},"excerpt":{"rendered":"Im Winterhalbjahr, wenn die F\u00fchrungen im Freiland bis zum n\u00e4chsten Fr\u00fchjahr aussetzen, verk\u00fcrzt der Botanische Garten Hamburg den&hellip;\n","protected":false},"author":2,"featured_media":617941,"comment_status":"","ping_status":"","sticky":false,"template":"","format":"standard","meta":{"footnotes":""},"categories":[1826],"tags":[29,30,692],"class_list":{"0":"post-617940","1":"post","2":"type-post","3":"status-publish","4":"format-standard","5":"has-post-thumbnail","7":"category-hamburg","8":"tag-deutschland","9":"tag-germany","10":"tag-hamburg"},"share_on_mastodon":{"url":"https:\/\/pubeurope.com\/@de\/115650009296075927","error":""},"_links":{"self":[{"href":"https:\/\/www.europesays.com\/de\/wp-json\/wp\/v2\/posts\/617940","targetHints":{"allow":["GET"]}}],"collection":[{"href":"https:\/\/www.europesays.com\/de\/wp-json\/wp\/v2\/posts"}],"about":[{"href":"https:\/\/www.europesays.com\/de\/wp-json\/wp\/v2\/types\/post"}],"author":[{"embeddable":true,"href":"https:\/\/www.europesays.com\/de\/wp-json\/wp\/v2\/users\/2"}],"replies":[{"embeddable":true,"href":"https:\/\/www.europesays.com\/de\/wp-json\/wp\/v2\/comments?post=617940"}],"version-history":[{"count":0,"href":"https:\/\/www.europesays.com\/de\/wp-json\/wp\/v2\/posts\/617940\/revisions"}],"wp:featuredmedia":[{"embeddable":true,"href":"https:\/\/www.europesays.com\/de\/wp-json\/wp\/v2\/media\/617941"}],"wp:attachment":[{"href":"https:\/\/www.europesays.com\/de\/wp-json\/wp\/v2\/media?parent=617940"}],"wp:term":[{"taxonomy":"category","embeddable":true,"href":"https:\/\/www.europesays.com\/de\/wp-json\/wp\/v2\/categories?post=617940"},{"taxonomy":"post_tag","embeddable":true,"href":"https:\/\/www.europesays.com\/de\/wp-json\/wp\/v2\/tags?post=617940"}],"curies":[{"name":"wp","href":"https:\/\/api.w.org\/{rel}","templated":true}]}}