{"id":618278,"date":"2025-12-02T15:51:19","date_gmt":"2025-12-02T15:51:19","guid":{"rendered":"https:\/\/www.europesays.com\/de\/618278\/"},"modified":"2025-12-02T15:51:19","modified_gmt":"2025-12-02T15:51:19","slug":"warum-nicht-jedes-penisfoto-ein-strafbares-dickpic-ist","status":"publish","type":"post","link":"https:\/\/www.europesays.com\/de\/618278\/","title":{"rendered":"Warum nicht jedes Penisfoto ein strafbares \u201eDickpic\u201c ist"},"content":{"rendered":"<p class=\"bold\">\n\t\t\t\t\t\t\t\t\t\tEin Mann stand in Chemnitz f\u00fcr das Verbreiten pornografischer Inhalte vor Gericht, hatte aber eine gute Erkl\u00e4rung parat. Es folgte ein Pr\u00e4zedenzfall der besonderen Art.\t\t\t\t<\/p>\n<p>\t\t\t\t F\u00fcr die Staatsanwaltschaft erschien der Fall wie ein klassisches \u201eDickpic\u201c. So bezeichnet man Fotos, die M\u00e4nner von ihrem erigierten Penis machen und verschicken, oft ohne die Zustimmung des Empf\u00e4ngers oder der Empf\u00e4ngerin. Auch die Leipziger Staatsanwaltschaft hatte nicht um ein solches Penisfoto gebeten, als sie im vergangenen Jahr einen&#8230;<\/p>\n<p>\t\t<img decoding=\"async\" class=\"fp-plus-logo\" src=\"https:\/\/www.freiepresse.de\/img\/fpplus.svg\" alt=\"Freie Presse plus Logo\"\/><\/p>\n<p>Registrieren und testen.<\/p>\n<p>Jetzt mit Ihrer Registrierung 1 Monat gratis testen und alle Beitr\u00e4ge lesen.<\/p>\n<p>Schon Abonnent? Melden Sie sich mit ihren Zugangsdaten an.<\/p>\n","protected":false},"excerpt":{"rendered":"Ein Mann stand in Chemnitz f\u00fcr das Verbreiten pornografischer Inhalte vor Gericht, hatte aber eine gute Erkl\u00e4rung parat.&hellip;\n","protected":false},"author":2,"featured_media":618279,"comment_status":"","ping_status":"","sticky":false,"template":"","format":"standard","meta":{"footnotes":""},"categories":[1851],"tags":[2770,3364,29,548,663,3934,18853,30,13,14,15,859,12],"class_list":{"0":"post-618278","1":"post","2":"type-post","3":"status-publish","4":"format-standard","5":"has-post-thumbnail","7":"category-chemnitz","8":"tag-chemnitz","9":"tag-de","10":"tag-deutschland","11":"tag-eu","12":"tag-europa","13":"tag-europe","14":"tag-gericht-rechtsstreit","15":"tag-germany","16":"tag-headlines","17":"tag-nachrichten","18":"tag-news","19":"tag-sachsen","20":"tag-schlagzeilen"},"share_on_mastodon":{"url":"https:\/\/pubeurope.com\/@de\/115650775946175547","error":""},"_links":{"self":[{"href":"https:\/\/www.europesays.com\/de\/wp-json\/wp\/v2\/posts\/618278","targetHints":{"allow":["GET"]}}],"collection":[{"href":"https:\/\/www.europesays.com\/de\/wp-json\/wp\/v2\/posts"}],"about":[{"href":"https:\/\/www.europesays.com\/de\/wp-json\/wp\/v2\/types\/post"}],"author":[{"embeddable":true,"href":"https:\/\/www.europesays.com\/de\/wp-json\/wp\/v2\/users\/2"}],"replies":[{"embeddable":true,"href":"https:\/\/www.europesays.com\/de\/wp-json\/wp\/v2\/comments?post=618278"}],"version-history":[{"count":0,"href":"https:\/\/www.europesays.com\/de\/wp-json\/wp\/v2\/posts\/618278\/revisions"}],"wp:featuredmedia":[{"embeddable":true,"href":"https:\/\/www.europesays.com\/de\/wp-json\/wp\/v2\/media\/618279"}],"wp:attachment":[{"href":"https:\/\/www.europesays.com\/de\/wp-json\/wp\/v2\/media?parent=618278"}],"wp:term":[{"taxonomy":"category","embeddable":true,"href":"https:\/\/www.europesays.com\/de\/wp-json\/wp\/v2\/categories?post=618278"},{"taxonomy":"post_tag","embeddable":true,"href":"https:\/\/www.europesays.com\/de\/wp-json\/wp\/v2\/tags?post=618278"}],"curies":[{"name":"wp","href":"https:\/\/api.w.org\/{rel}","templated":true}]}}