{"id":618421,"date":"2025-12-02T17:12:46","date_gmt":"2025-12-02T17:12:46","guid":{"rendered":"https:\/\/www.europesays.com\/de\/618421\/"},"modified":"2025-12-02T17:12:46","modified_gmt":"2025-12-02T17:12:46","slug":"36-jaehriger-bedroht-jugendlichen-in-halle-mit-machete-und-fordert-geld","status":"publish","type":"post","link":"https:\/\/www.europesays.com\/de\/618421\/","title":{"rendered":"36-J\u00e4hriger bedroht Jugendlichen in Halle mit Machete und fordert Geld"},"content":{"rendered":"<p class=\"fp-paragraph\"><strong>Halle (Saale). \u2013 <\/strong>Am Montagabend gegen 21.30 Uhr hat ein 36-J\u00e4hriger einen Jugendlichen mit einer Machete in der Ro\u00dflauer Stra\u00dfe in Halle bedroht, teilt die Polizei mit.<\/p>\n<p class=\"fp-paragraph\">Demnach habe sich der Mann dem 15-J\u00e4hrigen gen\u00e4hert und Bargeld gefordert. Der Jugendliche habe jedoch fl\u00fcchten k\u00f6nnen.<\/p>\n<p class=\"fp-paragraph\">Die hinzugerufene Polizei habe den Mann in unmittelbarer N\u00e4he stellen k\u00f6nnen. Bei der Durchsuchung wurde die Machete gefunden und sichergestellt, so die Polizei weiter.<\/p>\n<p class=\"fp-paragraph\">Der 36-J\u00e4hrige war den Angaben zufolge alkoholisiert und wurde nach einer Gef\u00e4hrderansprache wieder entlassen.<\/p>\n","protected":false},"excerpt":{"rendered":"Halle (Saale). \u2013 Am Montagabend gegen 21.30 Uhr hat ein 36-J\u00e4hriger einen Jugendlichen mit einer Machete in der&hellip;\n","protected":false},"author":2,"featured_media":618422,"comment_status":"","ping_status":"","sticky":false,"template":"","format":"standard","meta":{"footnotes":""},"categories":[1860],"tags":[3364,29,548,663,3934,30,4062,17332,13,14,15,17331,860,12],"class_list":{"0":"post-618421","1":"post","2":"type-post","3":"status-publish","4":"format-standard","5":"has-post-thumbnail","7":"category-halle-saale","8":"tag-de","9":"tag-deutschland","10":"tag-eu","11":"tag-europa","12":"tag-europe","13":"tag-germany","14":"tag-halle","15":"tag-halle-saale","16":"tag-headlines","17":"tag-nachrichten","18":"tag-news","19":"tag-saale","20":"tag-sachsen-anhalt","21":"tag-schlagzeilen"},"share_on_mastodon":{"url":"https:\/\/pubeurope.com\/@de\/115651093664022581","error":""},"_links":{"self":[{"href":"https:\/\/www.europesays.com\/de\/wp-json\/wp\/v2\/posts\/618421","targetHints":{"allow":["GET"]}}],"collection":[{"href":"https:\/\/www.europesays.com\/de\/wp-json\/wp\/v2\/posts"}],"about":[{"href":"https:\/\/www.europesays.com\/de\/wp-json\/wp\/v2\/types\/post"}],"author":[{"embeddable":true,"href":"https:\/\/www.europesays.com\/de\/wp-json\/wp\/v2\/users\/2"}],"replies":[{"embeddable":true,"href":"https:\/\/www.europesays.com\/de\/wp-json\/wp\/v2\/comments?post=618421"}],"version-history":[{"count":0,"href":"https:\/\/www.europesays.com\/de\/wp-json\/wp\/v2\/posts\/618421\/revisions"}],"wp:featuredmedia":[{"embeddable":true,"href":"https:\/\/www.europesays.com\/de\/wp-json\/wp\/v2\/media\/618422"}],"wp:attachment":[{"href":"https:\/\/www.europesays.com\/de\/wp-json\/wp\/v2\/media?parent=618421"}],"wp:term":[{"taxonomy":"category","embeddable":true,"href":"https:\/\/www.europesays.com\/de\/wp-json\/wp\/v2\/categories?post=618421"},{"taxonomy":"post_tag","embeddable":true,"href":"https:\/\/www.europesays.com\/de\/wp-json\/wp\/v2\/tags?post=618421"}],"curies":[{"name":"wp","href":"https:\/\/api.w.org\/{rel}","templated":true}]}}