{"id":618430,"date":"2025-12-02T17:18:13","date_gmt":"2025-12-02T17:18:13","guid":{"rendered":"https:\/\/www.europesays.com\/de\/618430\/"},"modified":"2025-12-02T17:18:13","modified_gmt":"2025-12-02T17:18:13","slug":"warnstreik-in-unternehmen-in-willich","status":"publish","type":"post","link":"https:\/\/www.europesays.com\/de\/618430\/","title":{"rendered":"Warnstreik in Unternehmen in Willich"},"content":{"rendered":"<p class=\"text_ohne_einzug richtext text-em-55 !leading-serif mx-6 desktop:mx-0\">  Rund 30 Besch\u00e4ftigte des Unternehmens Krytem in <a href=\"https:\/\/rp-online.de\/thema\/willich\/\" target=\"_blank\" rel=\"noopener\">Willich<\/a> haben den Betrieb am Dienstagmorgen, 2. Dezember, mit einem <a href=\"https:\/\/rp-online.de\/thema\/warnstreik\/\" target=\"_blank\" rel=\"noopener\">Warnstreik<\/a> f\u00fcr zwei Stunden \u201ekomplett lahmgelegt\u201c. Dar\u00fcber informierte die <a href=\"https:\/\/rp-online.de\/thema\/ig-metall\/\" target=\"_blank\" rel=\"noopener\">IG Metall<\/a> Krefeld in einer Pressemitteilung. Die Besch\u00e4ftigten \u201esehnen sich nach fairen und transparenten Arbeitsbedingungen \u2013 nicht mehr und nicht weniger\u201c, hei\u00dft es. Im ersten und bisher letzten Gespr\u00e4ch mit der IG Metall habe der Arbeitgeber den Wunsch der Besch\u00e4ftigten nach einem Tarifvertrag abgelehnt mit der Begr\u00fcndung, \u201eer habe kein Interesse an einem Tarifvertrag und sehe darin f\u00fcr sich keinen Vorteil\u201c.<\/p>\n","protected":false},"excerpt":{"rendered":"Rund 30 Besch\u00e4ftigte des Unternehmens Krytem in Willich haben den Betrieb am Dienstagmorgen, 2. Dezember, mit einem Warnstreik&hellip;\n","protected":false},"author":2,"featured_media":618431,"comment_status":"","ping_status":"","sticky":false,"template":"","format":"standard","meta":{"footnotes":""},"categories":[1849],"tags":[5564,629,18722,3364,29,548,663,3934,30,13,42569,146702,146703,745,4455,14,15,1209,12,1238,1240,83910,2523,17289],"class_list":{"0":"post-618430","1":"post","2":"type-post","3":"status-publish","4":"format-standard","5":"has-post-thumbnail","7":"category-moenchengladbach","8":"tag-air","9":"tag-arbeitgeber","10":"tag-beschaeftigte","11":"tag-de","12":"tag-deutschland","13":"tag-eu","14":"tag-europa","15":"tag-europe","16":"tag-germany","17":"tag-headlines","18":"tag-konstruktive","19":"tag-krytem","20":"tag-liquide","21":"tag-metall","22":"tag-moenchengladbach","23":"tag-nachrichten","24":"tag-news","25":"tag-nordrhein-westfalen","26":"tag-schlagzeilen","27":"tag-streik","28":"tag-tarifvertrag","29":"tag-tarifvertraege","30":"tag-warnstreik","31":"tag-willich"},"share_on_mastodon":{"url":"https:\/\/pubeurope.com\/@de\/115651117396458734","error":""},"_links":{"self":[{"href":"https:\/\/www.europesays.com\/de\/wp-json\/wp\/v2\/posts\/618430","targetHints":{"allow":["GET"]}}],"collection":[{"href":"https:\/\/www.europesays.com\/de\/wp-json\/wp\/v2\/posts"}],"about":[{"href":"https:\/\/www.europesays.com\/de\/wp-json\/wp\/v2\/types\/post"}],"author":[{"embeddable":true,"href":"https:\/\/www.europesays.com\/de\/wp-json\/wp\/v2\/users\/2"}],"replies":[{"embeddable":true,"href":"https:\/\/www.europesays.com\/de\/wp-json\/wp\/v2\/comments?post=618430"}],"version-history":[{"count":0,"href":"https:\/\/www.europesays.com\/de\/wp-json\/wp\/v2\/posts\/618430\/revisions"}],"wp:featuredmedia":[{"embeddable":true,"href":"https:\/\/www.europesays.com\/de\/wp-json\/wp\/v2\/media\/618431"}],"wp:attachment":[{"href":"https:\/\/www.europesays.com\/de\/wp-json\/wp\/v2\/media?parent=618430"}],"wp:term":[{"taxonomy":"category","embeddable":true,"href":"https:\/\/www.europesays.com\/de\/wp-json\/wp\/v2\/categories?post=618430"},{"taxonomy":"post_tag","embeddable":true,"href":"https:\/\/www.europesays.com\/de\/wp-json\/wp\/v2\/tags?post=618430"}],"curies":[{"name":"wp","href":"https:\/\/api.w.org\/{rel}","templated":true}]}}