{"id":618438,"date":"2025-12-02T17:22:15","date_gmt":"2025-12-02T17:22:15","guid":{"rendered":"https:\/\/www.europesays.com\/de\/618438\/"},"modified":"2025-12-02T17:22:15","modified_gmt":"2025-12-02T17:22:15","slug":"19-jaehriger-autofahrer-flieht-vor-polizei-und-kracht-in-stahltraeger-ludwigshafen","status":"publish","type":"post","link":"https:\/\/www.europesays.com\/de\/618438\/","title":{"rendered":"19-j\u00e4hriger Autofahrer flieht vor Polizei und kracht in Stahltr\u00e4ger &#8211; Ludwigshafen"},"content":{"rendered":"<p><b\/>Polizeibeamte wollten in der Nacht von Montag auf Dienstag gegen 1.30 Uhr in der  Gr\u00e4fenaustra\u00dfe im Ludwigshafener Stadtteil <a class=\"rtr-entity\" data-rtr-entity=\"Hemshof\" data-rtr-id=\"4bae047b94810594e45fab3efb5be2505301d283\" data-rtr-score=\"6.69967663702506\" data-rtr-etype=\"location\" data-rtr-index=\"0\" href=\"https:\/\/www.rheinpfalz.de\/themen\/ludwigshafen-hemshof?utm_source=rheinpfalz.de&amp;utm_medium=tms&amp;utm_campaign=intext\" rel=\"nofollow noopener\" target=\"_blank\">Hemshof<\/a> einen  Peugeot-Fahrer kontrollieren. Nach Angaben der Beamten  hielt der 19-J\u00e4hrige jedoch nicht an. Stattdessen beschleunigte der junge Mann  das Auto, um sich der  Kontrolle zu entziehen, und fl\u00fcchtete in Richtung Goerdelerplatz. In der Leuschnerstra\u00dfe erreichte der <a class=\"rtr-entity\" data-rtr-entity=\"Peugeot SA\" data-rtr-id=\"7c249deeccc2057971c1af754a9a7f0bec988ff9\" data-rtr-score=\"13.217461600646725\" data-rtr-etype=\"organisation\" data-rtr-index=\"1\" href=\"https:\/\/www.rheinpfalz.de\/themen\/peugeot-sa?utm_source=rheinpfalz.de&amp;utm_medium=tms&amp;utm_campaign=intext\" rel=\"nofollow noopener\" target=\"_blank\">Peugeot<\/a>  laut Bericht eine gesch\u00e4tzte Geschwindigkeit von mindestens 120 Kilometern pro Stunde. Am Ruthenplatz kollidierte der Fahrer dann mit einem Stahltr\u00e4ger  der Stra\u00dfenbahn-Oberleitung. Bei dem Aufprall wurde er  schwer verletzt. Er wurde in  eine Klinik gebracht. <\/p>\n<p>Wie sich herausstellte, hatte der 19-J\u00e4hrige keinen F\u00fchrerschein. Es  ergaben sich auch Hinweise auf eine Alkoholisierung. Dem  Mann wurde  eine Blutprobe entnommen.  Der Sachschaden an der Stra\u00dfenbahnanlage wird auf  mindestens 10.000 Euro gesch\u00e4tzt. Wer durch das Fahrverhalten des Fl\u00fcchtigen  gef\u00e4hrdet wurde, wird gebeten, sich unter Telefon 0621 963-24250 oder per E-Mail an <a href=\"https:\/\/www.rheinpfalz.de\/lokal\/mailto:piludwigshafen2@polizei.rlp.de\" target=\"_blank\" class=\"external-link-new-window\" title=\"\" rel=\"nofollow noopener\">piludwigshafen2@polizei.rlp.de<\/a> bei der Polizei zu melden.<\/p>\n","protected":false},"excerpt":{"rendered":"Polizeibeamte wollten in der Nacht von Montag auf Dienstag gegen 1.30 Uhr in der Gr\u00e4fenaustra\u00dfe im Ludwigshafener Stadtteil&hellip;\n","protected":false},"author":2,"featured_media":618439,"comment_status":"","ping_status":"","sticky":false,"template":"","format":"standard","meta":{"footnotes":""},"categories":[1845],"tags":[1634,3364,29,548,663,3934,30,13,31251,4060,25476,2096,14,15,59208,121,12],"class_list":{"0":"post-618438","1":"post","2":"type-post","3":"status-publish","4":"format-standard","5":"has-post-thumbnail","7":"category-mannheim","8":"tag-baden-wuerttemberg","9":"tag-de","10":"tag-deutschland","11":"tag-eu","12":"tag-europa","13":"tag-europe","14":"tag-germany","15":"tag-headlines","16":"tag-hemshof","17":"tag-lokal","18":"tag-ludwigshafen","19":"tag-mannheim","20":"tag-nachrichten","21":"tag-news","22":"tag-peugeot-sa","23":"tag-polizei","24":"tag-schlagzeilen"},"share_on_mastodon":{"url":"https:\/\/pubeurope.com\/@de\/115651133167355255","error":""},"_links":{"self":[{"href":"https:\/\/www.europesays.com\/de\/wp-json\/wp\/v2\/posts\/618438","targetHints":{"allow":["GET"]}}],"collection":[{"href":"https:\/\/www.europesays.com\/de\/wp-json\/wp\/v2\/posts"}],"about":[{"href":"https:\/\/www.europesays.com\/de\/wp-json\/wp\/v2\/types\/post"}],"author":[{"embeddable":true,"href":"https:\/\/www.europesays.com\/de\/wp-json\/wp\/v2\/users\/2"}],"replies":[{"embeddable":true,"href":"https:\/\/www.europesays.com\/de\/wp-json\/wp\/v2\/comments?post=618438"}],"version-history":[{"count":0,"href":"https:\/\/www.europesays.com\/de\/wp-json\/wp\/v2\/posts\/618438\/revisions"}],"wp:featuredmedia":[{"embeddable":true,"href":"https:\/\/www.europesays.com\/de\/wp-json\/wp\/v2\/media\/618439"}],"wp:attachment":[{"href":"https:\/\/www.europesays.com\/de\/wp-json\/wp\/v2\/media?parent=618438"}],"wp:term":[{"taxonomy":"category","embeddable":true,"href":"https:\/\/www.europesays.com\/de\/wp-json\/wp\/v2\/categories?post=618438"},{"taxonomy":"post_tag","embeddable":true,"href":"https:\/\/www.europesays.com\/de\/wp-json\/wp\/v2\/tags?post=618438"}],"curies":[{"name":"wp","href":"https:\/\/api.w.org\/{rel}","templated":true}]}}