{"id":618575,"date":"2025-12-02T18:40:12","date_gmt":"2025-12-02T18:40:12","guid":{"rendered":"https:\/\/www.europesays.com\/de\/618575\/"},"modified":"2025-12-02T18:40:12","modified_gmt":"2025-12-02T18:40:12","slug":"laz-moenchengladbach-damen-trio-holt-zwei-mal-silber","status":"publish","type":"post","link":"https:\/\/www.europesays.com\/de\/618575\/","title":{"rendered":"LAZ M\u00f6nchengladbach Damen-Trio holt zwei Mal Silber"},"content":{"rendered":"<p class=\"text_ohne_einzug richtext text-em-55 !leading-serif mx-6 desktop:mx-0\"> Bei den deutschen Crosslauf-Meisterschaften. in Darmstadt hat es ein Novum gegeben. Der Deutsche Leichtathletik-Verband richtete die Crossmeisterschaften an zwei Tagen aus und bot dabei sowohl in den Hauptklassen als auch bei den Altersklassen bis \u00dc45 sowohl eine Mittel- als auch eine Langstrecke an. So ergab sich eine Veranstaltung mit toller Stimmung, gro\u00dfen Teilnehmerfeldern und einem Melderekord. Auch die LAZ M\u00f6nchengladbach kam mit einem Medaillenerfolg zur\u00fcck.<\/p>\n","protected":false},"excerpt":{"rendered":"Bei den deutschen Crosslauf-Meisterschaften. in Darmstadt hat es ein Novum gegeben. Der Deutsche Leichtathletik-Verband richtete die Crossmeisterschaften an&hellip;\n","protected":false},"author":2,"featured_media":618576,"comment_status":"","ping_status":"","sticky":false,"template":"","format":"standard","meta":{"footnotes":""},"categories":[1849],"tags":[84604,146715,33844,63094,109043,146716,3364,29,548,663,3934,30,13,73434,7591,40645,20080,146717,4455,14,15,1209,12,16089],"class_list":{"0":"post-618575","1":"post","2":"type-post","3":"status-publish","4":"format-standard","5":"has-post-thumbnail","7":"category-moenchengladbach","8":"tag-ahmed","9":"tag-beba","10":"tag-bronze","11":"tag-bronzemedaille","12":"tag-crosslauf","13":"tag-crossmeisterschaften","14":"tag-de","15":"tag-deutschland","16":"tag-eu","17":"tag-europa","18":"tag-europe","19":"tag-germany","20":"tag-headlines","21":"tag-laz","22":"tag-leichtathletik","23":"tag-meisterschaften","24":"tag-meter","25":"tag-millimeter","26":"tag-moenchengladbach","27":"tag-nachrichten","28":"tag-news","29":"tag-nordrhein-westfalen","30":"tag-schlagzeilen","31":"tag-simon"},"share_on_mastodon":{"url":"https:\/\/pubeurope.com\/@de\/115651439898635161","error":""},"_links":{"self":[{"href":"https:\/\/www.europesays.com\/de\/wp-json\/wp\/v2\/posts\/618575","targetHints":{"allow":["GET"]}}],"collection":[{"href":"https:\/\/www.europesays.com\/de\/wp-json\/wp\/v2\/posts"}],"about":[{"href":"https:\/\/www.europesays.com\/de\/wp-json\/wp\/v2\/types\/post"}],"author":[{"embeddable":true,"href":"https:\/\/www.europesays.com\/de\/wp-json\/wp\/v2\/users\/2"}],"replies":[{"embeddable":true,"href":"https:\/\/www.europesays.com\/de\/wp-json\/wp\/v2\/comments?post=618575"}],"version-history":[{"count":0,"href":"https:\/\/www.europesays.com\/de\/wp-json\/wp\/v2\/posts\/618575\/revisions"}],"wp:featuredmedia":[{"embeddable":true,"href":"https:\/\/www.europesays.com\/de\/wp-json\/wp\/v2\/media\/618576"}],"wp:attachment":[{"href":"https:\/\/www.europesays.com\/de\/wp-json\/wp\/v2\/media?parent=618575"}],"wp:term":[{"taxonomy":"category","embeddable":true,"href":"https:\/\/www.europesays.com\/de\/wp-json\/wp\/v2\/categories?post=618575"},{"taxonomy":"post_tag","embeddable":true,"href":"https:\/\/www.europesays.com\/de\/wp-json\/wp\/v2\/tags?post=618575"}],"curies":[{"name":"wp","href":"https:\/\/api.w.org\/{rel}","templated":true}]}}