{"id":618710,"date":"2025-12-02T19:54:24","date_gmt":"2025-12-02T19:54:24","guid":{"rendered":"https:\/\/www.europesays.com\/de\/618710\/"},"modified":"2025-12-02T19:54:24","modified_gmt":"2025-12-02T19:54:24","slug":"hinter-branchenueblichem-niveau-tesla-erhoeht-loehne-in-gruenheide-kritik-von-der-ig-metall","status":"publish","type":"post","link":"https:\/\/www.europesays.com\/de\/618710\/","title":{"rendered":"&#8222;Hinter branchen\u00fcblichem Niveau&#8220;: Tesla erh\u00f6ht L\u00f6hne in Gr\u00fcnheide &#8211; Kritik von der IG Metall"},"content":{"rendered":"<p>&#8222;Hinter branchen\u00fcblichem Niveau&#8220;Tesla erh\u00f6ht L\u00f6hne in Gr\u00fcnheide &#8211; Kritik von der IG Metall<img decoding=\"async\" class=\"Image_img__fQCi0 Image_Img_16_9__4BLfH widget-picture-inline_maximizable__t_E7h\" loading=\"eager\" fetchpriority=\"high\" src=\"https:\/\/www.europesays.com\/de\/wp-content\/uploads\/2025\/12\/Die-Tesla-Gigafactory-Berlin-Brandenburg-ist-eine-Grossfabrik-von-Tesla-im-Ortsteil-Freienbrink-der-.webp\" alt=\"Die-Tesla-Gigafactory-Berlin-Brandenburg-ist-eine-Grossfabrik-von-Tesla-im-Ortsteil-Freienbrink-der-maerkischen-Gemeinde-Gruenheide-Sie-befindet-sich-rund-30-Kilometer-Luftlinie-suedoestlich-vom-Zentrum-Berlins-Es-handelt-sich-um-eine-der-groessten-Elektroauto-Fabriken-in-Deutschland-und-die-erste-des-US-Herstellers-in-Europa-Die-aktuellen-Absatzzahlen-zeigen-dass-Tesla-zunehmend-Schwierigkeiten-hat-in-Deutschland-Kaeufer-zu-finden-wozu-Elon-Musks-kontroverse-Politik-beitraegt-Gruenheide-04-04\"\/>Blick auf die Tesla-Fabrik in Gr\u00fcnheide. (Foto: picture alliance \/ Geisler-Fotopress)TeilenFolgen auf:<a href=\"https:\/\/www.whatsapp.com\/channel\/0029Va5cdVJD8SDp5YZgYF01\" title=\"Auf WhatsApp folgen\" target=\"_blank\" rel=\"noopener\"><img decoding=\"async\" src=\"https:\/\/www.n-tv.de\/socialIcons\/whatsapp.svg\" alt=\"whatsapp\" class=\"ArticleShare_icon__FsrC2\"\/><\/a><a href=\"https:\/\/news.google.com\/publications\/CAAiEPMdif5mpRNxiLOeUpHCwwsqFAgKIhDzHYn-ZqUTcYiznlKRwsML?hl=de&amp;gl=DE&amp;ceid=DE%3Ade\" title=\"Auf Google News folgen\" target=\"_blank\" rel=\"noopener\"><img decoding=\"async\" src=\"https:\/\/www.n-tv.de\/socialIcons\/google.svg\" alt=\"whatsapp\" class=\"ArticleShare_icon__FsrC2\"\/><\/a><\/p>\n<p class=\"Typography_text-m__XI0da Typography_weight-bold__uT6mq storyline_lead_text_leadtext__q_wg8\">Tesla verspricht seinen Mitarbeitern in Gr\u00fcnheide mehr Geld. Der IG Metall ist dennoch nicht zum Feiern zumute. Die Gewerkschaft wirft dem US-Autobauer irref\u00fchrende Vergleiche vor und fordert einen Tarifvertrag. <\/p>\n<p class=\"Typography_text-default__P3otY Typography_weight-normal__pqUbH storyline_paragraph_p__qSR5N\">Der US-Autobauer Tesla erh\u00f6ht die Geh\u00e4lter f\u00fcr die Mitarbeiterinnen und Mitarbeiter in der sogenannten Gigafactory in Gr\u00fcnheide um vier Prozent. Wie das Unternehmen mitteilte, gilt die Erh\u00f6hung r\u00fcckwirkend seit dem 1. Dezember. <\/p>\n<p class=\"Typography_text-default__P3otY Typography_weight-normal__pqUbH storyline_paragraph_p__qSR5N\">&#8222;Wie auch in den vergangenen Jahren haben wir diese Anpassung eigenst\u00e4ndig und ohne gewerkschaftlichen Einfluss umgesetzt. Sie basiert wie auch in den vergangenen Jahren auf unserem Versprechen an unsere Mitarbeitenden, die Geh\u00e4lter regelm\u00e4\u00dfig zu \u00fcberpr\u00fcfen&#8220;, sagte Personalchef Erik Demmler einer Mitteilung zufolge. <\/p>\n<p class=\"Typography_text-default__P3otY Typography_weight-normal__pqUbH storyline_paragraph_p__qSR5N\">Die IG Metall fordert weiterhin die Einf\u00fchrung eines Tarifvertrags bei Tesla. &#8222;Die Lohnerh\u00f6hung bei Tesla ist absolut berechtigt und auch notwendig, das haben sich die Besch\u00e4ftigten verdient&#8220;, sagte Jan Otto, Bezirksleiter der Gewerkschaft f\u00fcr Berlin, Brandenburg und Sachsen. &#8222;Allerdings bleibt die Bezahlung bei Tesla auch nach dieser Lohnerh\u00f6hung weiterhin deutlich hinter dem branchen\u00fcblichen Niveau in der Autoindustrie in Deutschland zur\u00fcck.&#8220;<\/p>\n<p class=\"Typography_text-default__P3otY Typography_weight-normal__pqUbH storyline_paragraph_p__qSR5N\">Bei Tesla gibt es bislang keinen Tarifvertrag, der Elektroautobauer wehrt sich vehement dagegen. Auch deswegen ist das Verh\u00e4ltnis zwischen Tesla und der Gewerkschaft IG Metall angespannt. Laut Tesla liegt das Einstiegsjahresgehalt von Produktionsmitarbeiterinnen und -mitarbeitern nach der Erh\u00f6hung &#8222;nun rund 6000 Euro \u00fcber dem einschl\u00e4gigen tariflichen Jahresentgelt, welches f\u00fcr Berlin, Brandenburg und Sachsen gilt&#8220;. Das seien 14,5 Prozent mehr als der Tariflohn.<\/p>\n<p class=\"Typography_text-default__P3otY Typography_weight-normal__pqUbH storyline_paragraph_p__qSR5N\">Nach Ansicht der IG Metall ist dieser Vergleich irref\u00fchrend. &#8222;Die Tesla-Gesch\u00e4ftsf\u00fchrung redet den Tarifvertrag schlecht, indem sie dessen niedrigste Entgeltgruppe heranzieht. In Automobilwerken sind die untersten beiden Entgeltgruppen aber gar nicht vergeben&#8220;, sagte Bezirksleiter Otto. &#8222;Wenn man noch die l\u00e4ngeren Arbeitszeiten bei Tesla ber\u00fccksichtigt, liegt der Abstand zum Tarifvertrag bei 30 bis 35 Prozent.&#8220;<\/p>\n<p class=\"Typography_text-default__P3otY Typography_weight-normal__pqUbH storyline_paragraph_p__qSR5N\">Die einseitige Ank\u00fcndigung von Lohnerh\u00f6hungen durch eine Firmenleitung ersetze keinen Tarifvertrag, in dem weit mehr geregelt werden k\u00f6nne, sagte Otto. Zuletzt forderte die Gewerkschaft beispielsweise die Zahlung eines Weihnachtsgeldes von mindestens 1500 Euro.<\/p>\n<p class=\"Typography_text-s__wu_cm Typography_weight-normal__pqUbH Typography_color-darkgrey__sZEnP article-detail-footer_source__KslPc\">Quelle: ntv.de, jpe\/dpa<\/p>\n","protected":false},"excerpt":{"rendered":"&#8222;Hinter branchen\u00fcblichem Niveau&#8220;Tesla erh\u00f6ht L\u00f6hne in Gr\u00fcnheide &#8211; Kritik von der IG MetallBlick auf die Tesla-Fabrik in Gr\u00fcnheide.&hellip;\n","protected":false},"author":2,"featured_media":618711,"comment_status":"","ping_status":"","sticky":false,"template":"","format":"standard","meta":{"footnotes":""},"categories":[134],"tags":[1890,175,170,169,29,1519,30,62597,744,171,174,715,173,172,88647,55],"class_list":{"0":"post-618710","1":"post","2":"type-post","3":"status-publish","4":"format-standard","5":"has-post-thumbnail","7":"category-unternehmen-maerkte","8":"tag-brandenburg","9":"tag-business","10":"tag-companies","11":"tag-companies-markets","12":"tag-deutschland","13":"tag-elektromobilitaet","14":"tag-germany","15":"tag-gruenheide","16":"tag-ig-metall","17":"tag-markets","18":"tag-maerkte","19":"tag-tesla-motors","20":"tag-unternehmen","21":"tag-unternehmen-maerkte","22":"tag-us-amerikanische-autobauer","23":"tag-wirtschaft"},"share_on_mastodon":{"url":"https:\/\/pubeurope.com\/@de\/115651731446986325","error":""},"_links":{"self":[{"href":"https:\/\/www.europesays.com\/de\/wp-json\/wp\/v2\/posts\/618710","targetHints":{"allow":["GET"]}}],"collection":[{"href":"https:\/\/www.europesays.com\/de\/wp-json\/wp\/v2\/posts"}],"about":[{"href":"https:\/\/www.europesays.com\/de\/wp-json\/wp\/v2\/types\/post"}],"author":[{"embeddable":true,"href":"https:\/\/www.europesays.com\/de\/wp-json\/wp\/v2\/users\/2"}],"replies":[{"embeddable":true,"href":"https:\/\/www.europesays.com\/de\/wp-json\/wp\/v2\/comments?post=618710"}],"version-history":[{"count":0,"href":"https:\/\/www.europesays.com\/de\/wp-json\/wp\/v2\/posts\/618710\/revisions"}],"wp:featuredmedia":[{"embeddable":true,"href":"https:\/\/www.europesays.com\/de\/wp-json\/wp\/v2\/media\/618711"}],"wp:attachment":[{"href":"https:\/\/www.europesays.com\/de\/wp-json\/wp\/v2\/media?parent=618710"}],"wp:term":[{"taxonomy":"category","embeddable":true,"href":"https:\/\/www.europesays.com\/de\/wp-json\/wp\/v2\/categories?post=618710"},{"taxonomy":"post_tag","embeddable":true,"href":"https:\/\/www.europesays.com\/de\/wp-json\/wp\/v2\/tags?post=618710"}],"curies":[{"name":"wp","href":"https:\/\/api.w.org\/{rel}","templated":true}]}}